{"id":334,"date":"2010-02-02T16:25:42","date_gmt":"2010-02-02T14:25:42","guid":{"rendered":"http:\/\/www.kanaren-virtuell.de\/news\/?p=334"},"modified":"2013-10-15T16:26:06","modified_gmt":"2013-10-15T14:26:06","slug":"die-lage-im-unwettergebiet","status":"publish","type":"post","link":"https:\/\/www.kanaren-virtuell.de\/news\/die-lage-im-unwettergebiet\/","title":{"rendered":"Die Lage im Unwettergebiet"},"content":{"rendered":"<p>Gran Canaria: Auf Gran Canaria gibt es vor allem im Bergland zahlreiche Bergrutsche. Z.B. ist die Stra\u00dfe von Ayacata nach Tejeda zur Zeit wegen an einer Stelle fast komplett weggebrochener Stra\u00dfe nicht befahrbar. Viele der ansonsten trockenen Barrancos auch im S\u00fcden f\u00fchren gro\u00dfe Mengen an Regenwasser, z.B. im Bereich Taurito der Gemeinde Mogan und selbst der Barranco, der in Maspalomas nahe des Leuchtturms ins Meer m\u00fcndet, ist zum rei\u00dfenden Strom geworden. Die Universit\u00e4t von Las Palmas de Gran Canaria hat beschlossen, ihre Einrichtungen wegen des schlechten Wetters ab heute 14 Uhr bis morgen zu schlie\u00dfen. Teneriffa: Teneriffa ist mit stellenweise bis zu 260 Litern Regen je Quadratmeter wohl die am schlimmten vom aktuellen Unwetter betroffene Insel. Besonders in der Inselhauptstadt Santa Cruz gibt es starke \u00dcberschwemmungen. \u00dcber 160 Bewohner Tahodio-Schlucht in Santa Cruz de Tenerife, sind von der Au\u00dfenwelt abgeschnitten. Hunderten von H\u00e4usern, Garagen und Gesch\u00e4fte wurden mit Schlamm \u00fcberschwemmt. Gestern entgleiste ein Stra\u00dfenbahnzug der Tranvia in Santa Cruz de Tenerife. Am heutigen Morgen wurde versucht, den Zug wieder in die Gleise zu heben. Mehr als 25.000 Kunden des Energieversorgers Unelco-Endesa waren gestern w\u00e4hrend des Tages ohne Strom, mehr als 10000 Menschen sind heute noch ohne Strom. &#8222;La iglesia de la Concepci\u00f3n&#8220;, die Kirche der unbefleckten Empf\u00e4ngnis, die \u00e4lteste Kirche der Insel Teneriffa, gegr\u00fcndet im Jahr 1499, ist nach wie vor \u00fcberflutet. Die Kirche wurde am gestrige Tage bis zu zwei Meter hoch \u00fcberschwemmt. Laut Cabildo de Tenerife sind bislang 12 Stra\u00dfen f\u00fcr den Verkehr gesperrt. Lanzarote: Mehrere Schiffe, darunter 2 F\u00e4hren, konnten im Hafen von Arrecife wegen des Sturms nicht anlegen. Am Abend werden wegen Regen und Sturm Beeintr\u00e4chtigungen des Flugbetriebes auf Lanzarote erwartet<\/p>\n","protected":false},"excerpt":{"rendered":"<p>Gran Canaria: Auf Gran Canaria gibt es vor allem im Bergland zahlreiche Bergrutsche. Z.B. ist die Stra\u00dfe von Ayacata nach Tejeda zur Zeit wegen an einer Stelle fast komplett weggebrochener Stra\u00dfe nicht befahrbar. Viele der ansonsten trockenen Barrancos auch im S\u00fcden f\u00fchren gro\u00dfe Mengen an Regenwasser, z.B. im Bereich Taurito der Gemeinde Mogan und selbst [&hellip;]<\/p>\n","protected":false},"author":1,"featured_media":0,"comment_status":"open","ping_status":"open","sticky":false,"template":"","format":"standard","meta":{"footnotes":""},"categories":[11],"tags":[],"class_list":["post-334","post","type-post","status-publish","format-standard","hentry","category-wetter"],"_links":{"self":[{"href":"https:\/\/www.kanaren-virtuell.de\/news\/wp-json\/wp\/v2\/posts\/334","targetHints":{"allow":["GET"]}}],"collection":[{"href":"https:\/\/www.kanaren-virtuell.de\/news\/wp-json\/wp\/v2\/posts"}],"about":[{"href":"https:\/\/www.kanaren-virtuell.de\/news\/wp-json\/wp\/v2\/types\/post"}],"author":[{"embeddable":true,"href":"https:\/\/www.kanaren-virtuell.de\/news\/wp-json\/wp\/v2\/users\/1"}],"replies":[{"embeddable":true,"href":"https:\/\/www.kanaren-virtuell.de\/news\/wp-json\/wp\/v2\/comments?post=334"}],"version-history":[{"count":1,"href":"https:\/\/www.kanaren-virtuell.de\/news\/wp-json\/wp\/v2\/posts\/334\/revisions"}],"predecessor-version":[{"id":335,"href":"https:\/\/www.kanaren-virtuell.de\/news\/wp-json\/wp\/v2\/posts\/334\/revisions\/335"}],"wp:attachment":[{"href":"https:\/\/www.kanaren-virtuell.de\/news\/wp-json\/wp\/v2\/media?parent=334"}],"wp:term":[{"taxonomy":"category","embeddable":true,"href":"https:\/\/www.kanaren-virtuell.de\/news\/wp-json\/wp\/v2\/categories?post=334"},{"taxonomy":"post_tag","embeddable":true,"href":"https:\/\/www.kanaren-virtuell.de\/news\/wp-json\/wp\/v2\/tags?post=334"}],"curies":[{"name":"wp","href":"https:\/\/api.w.org\/{rel}","templated":true}]}}