{"id":3356,"date":"2016-10-04T18:14:17","date_gmt":"2016-10-04T16:14:17","guid":{"rendered":"http:\/\/www.kanaren-virtuell.de\/news\/?p=3356"},"modified":"2016-10-04T18:14:17","modified_gmt":"2016-10-04T16:14:17","slug":"feria-tricontinental-in-santa-cruz-auf-teneriffa","status":"publish","type":"post","link":"https:\/\/www.kanaren-virtuell.de\/news\/feria-tricontinental-in-santa-cruz-auf-teneriffa\/","title":{"rendered":"Feria Tricontinental in Santa Cruz auf Teneriffa"},"content":{"rendered":"<p>Dank eines prallgef\u00fcllten Veranstaltungskalenders m\u00fcssen Teneriffa-Urlauber das ganze Jahr \u00fcber keine Langeweile f\u00fcrchten. Events aus den unterschiedlichsten Bereichen, wie zum Beispiel Sport und Kultur, sorgen auch nach einem entspannten Strandtag f\u00fcr beste Unterhaltung. Besonderer Beliebtheit bei Touristen erfreuen sich die Kunsthandwerkermessen, die ihnen die Kultur der Kanaren n\u00e4herbringen. <\/p>\n<p>Im Rahmen solch eines Messebesuchs findet man mit Sicherheit das eine oder andere Mitbringsel, das an den letzten Teneriffa-Urlaub erinnert. Gelegenheit hierzu gibt es wieder in der Zeit vom 28. Oktober bis zum 6. November 2016, wenn in der Kongress- und Messehalle Recinto Ferial in Santa Cruz die 4. Tricontinentale Feria stattfindet. <\/p>\n","protected":false},"excerpt":{"rendered":"<p>Dank eines prallgef\u00fcllten Veranstaltungskalenders m\u00fcssen Teneriffa-Urlauber das ganze Jahr \u00fcber keine Langeweile f\u00fcrchten. Events aus den unterschiedlichsten Bereichen, wie zum Beispiel Sport und Kultur, sorgen auch nach einem entspannten Strandtag f\u00fcr beste Unterhaltung. Besonderer Beliebtheit bei Touristen erfreuen sich die Kunsthandwerkermessen, die ihnen die Kultur der Kanaren n\u00e4herbringen. Im Rahmen solch eines Messebesuchs findet man [&hellip;]<\/p>\n","protected":false},"author":2,"featured_media":0,"comment_status":"open","ping_status":"open","sticky":false,"template":"","format":"standard","meta":{"footnotes":""},"categories":[2,22],"tags":[],"class_list":["post-3356","post","type-post","status-publish","format-standard","hentry","category-teneriffa","category-veranstaltungen"],"_links":{"self":[{"href":"https:\/\/www.kanaren-virtuell.de\/news\/wp-json\/wp\/v2\/posts\/3356","targetHints":{"allow":["GET"]}}],"collection":[{"href":"https:\/\/www.kanaren-virtuell.de\/news\/wp-json\/wp\/v2\/posts"}],"about":[{"href":"https:\/\/www.kanaren-virtuell.de\/news\/wp-json\/wp\/v2\/types\/post"}],"author":[{"embeddable":true,"href":"https:\/\/www.kanaren-virtuell.de\/news\/wp-json\/wp\/v2\/users\/2"}],"replies":[{"embeddable":true,"href":"https:\/\/www.kanaren-virtuell.de\/news\/wp-json\/wp\/v2\/comments?post=3356"}],"version-history":[{"count":1,"href":"https:\/\/www.kanaren-virtuell.de\/news\/wp-json\/wp\/v2\/posts\/3356\/revisions"}],"predecessor-version":[{"id":3357,"href":"https:\/\/www.kanaren-virtuell.de\/news\/wp-json\/wp\/v2\/posts\/3356\/revisions\/3357"}],"wp:attachment":[{"href":"https:\/\/www.kanaren-virtuell.de\/news\/wp-json\/wp\/v2\/media?parent=3356"}],"wp:term":[{"taxonomy":"category","embeddable":true,"href":"https:\/\/www.kanaren-virtuell.de\/news\/wp-json\/wp\/v2\/categories?post=3356"},{"taxonomy":"post_tag","embeddable":true,"href":"https:\/\/www.kanaren-virtuell.de\/news\/wp-json\/wp\/v2\/tags?post=3356"}],"curies":[{"name":"wp","href":"https:\/\/api.w.org\/{rel}","templated":true}]}}