{"id":3361,"date":"2016-10-07T18:32:30","date_gmt":"2016-10-07T16:32:30","guid":{"rendered":"http:\/\/www.kanaren-virtuell.de\/news\/?p=3361"},"modified":"2016-10-07T18:32:30","modified_gmt":"2016-10-07T16:32:30","slug":"teneriffa-adeje-laedt-zum-oktoberfest","status":"publish","type":"post","link":"https:\/\/www.kanaren-virtuell.de\/news\/teneriffa-adeje-laedt-zum-oktoberfest\/","title":{"rendered":"Teneriffa \u2013 Adeje l\u00e4dt zum Oktoberfest"},"content":{"rendered":"<p>Das Oktoberfest kann man nicht nur auf den M\u00fcnchner Wiesn feiern, sondern auch auf der Kanareninsel Teneriffa. Am kommenden Wochenende, 7. bis 9. Oktober 2016, ist an der Plaza Salytien im Zentrum von Costa Adeje richtig was los. Wer also auch im Urlaub bayerisches Bier und eine z\u00fcnftige Brotzeit genie\u00dfen m\u00f6chte, ist auf dem Oktoberfest in Adeje genau richtig. <\/p>\n<p>Immer von 13 bis 23 Uhr hei\u00dft es an der Plaza Salytien \u201eO\u2019zapft is\u2026\u201c. Besucher d\u00fcrfen sich auf echtes Paulaner-Bier vom Fass, bayerische Spezialit\u00e4ten und Live-Musik freuen. Das Wetter soll ebenfalls mitspielen, so dass einem Oktoberfest-Besuch auf Teneriffa nichts mehr im Wege steht. <\/p>\n","protected":false},"excerpt":{"rendered":"<p>Das Oktoberfest kann man nicht nur auf den M\u00fcnchner Wiesn feiern, sondern auch auf der Kanareninsel Teneriffa. Am kommenden Wochenende, 7. bis 9. Oktober 2016, ist an der Plaza Salytien im Zentrum von Costa Adeje richtig was los. Wer also auch im Urlaub bayerisches Bier und eine z\u00fcnftige Brotzeit genie\u00dfen m\u00f6chte, ist auf dem Oktoberfest [&hellip;]<\/p>\n","protected":false},"author":2,"featured_media":0,"comment_status":"open","ping_status":"open","sticky":false,"template":"","format":"standard","meta":{"footnotes":""},"categories":[2,22],"tags":[],"class_list":["post-3361","post","type-post","status-publish","format-standard","hentry","category-teneriffa","category-veranstaltungen"],"_links":{"self":[{"href":"https:\/\/www.kanaren-virtuell.de\/news\/wp-json\/wp\/v2\/posts\/3361","targetHints":{"allow":["GET"]}}],"collection":[{"href":"https:\/\/www.kanaren-virtuell.de\/news\/wp-json\/wp\/v2\/posts"}],"about":[{"href":"https:\/\/www.kanaren-virtuell.de\/news\/wp-json\/wp\/v2\/types\/post"}],"author":[{"embeddable":true,"href":"https:\/\/www.kanaren-virtuell.de\/news\/wp-json\/wp\/v2\/users\/2"}],"replies":[{"embeddable":true,"href":"https:\/\/www.kanaren-virtuell.de\/news\/wp-json\/wp\/v2\/comments?post=3361"}],"version-history":[{"count":1,"href":"https:\/\/www.kanaren-virtuell.de\/news\/wp-json\/wp\/v2\/posts\/3361\/revisions"}],"predecessor-version":[{"id":3362,"href":"https:\/\/www.kanaren-virtuell.de\/news\/wp-json\/wp\/v2\/posts\/3361\/revisions\/3362"}],"wp:attachment":[{"href":"https:\/\/www.kanaren-virtuell.de\/news\/wp-json\/wp\/v2\/media?parent=3361"}],"wp:term":[{"taxonomy":"category","embeddable":true,"href":"https:\/\/www.kanaren-virtuell.de\/news\/wp-json\/wp\/v2\/categories?post=3361"},{"taxonomy":"post_tag","embeddable":true,"href":"https:\/\/www.kanaren-virtuell.de\/news\/wp-json\/wp\/v2\/tags?post=3361"}],"curies":[{"name":"wp","href":"https:\/\/api.w.org\/{rel}","templated":true}]}}