{"id":3438,"date":"2016-12-12T19:40:06","date_gmt":"2016-12-12T17:40:06","guid":{"rendered":"http:\/\/www.kanaren-virtuell.de\/news\/?p=3438"},"modified":"2016-12-12T19:40:06","modified_gmt":"2016-12-12T17:40:06","slug":"sunexpress-mehr-kanaren-fluege-im-sommer-2017","status":"publish","type":"post","link":"https:\/\/www.kanaren-virtuell.de\/news\/sunexpress-mehr-kanaren-fluege-im-sommer-2017\/","title":{"rendered":"SunExpress \u2013 Mehr Kanaren-Fl\u00fcge im Sommer 2017"},"content":{"rendered":"<p>Reisefans, die vorausschauend planen, sind vielleicht schon jetzt auf der Suche nach attraktiven Urlaubsangeboten. Auf diese Art und Weise l\u00e4sst sich oft bares Geld sparen. Potentielle Urlauber, die ihre Ferien im Sommer 2017 auf den Kanaren verbringen m\u00f6chten, sollten sich den Sommerflugplan der deutsch-t\u00fcrkischen Fluggesellschaft SunExpress einmal n\u00e4her anschauen, denn dieser verspricht mehr Fl\u00fcge zu den Kanarischen Inseln. <\/p>\n<p>Mit Bekanntgabe des Sommerflugplans 2017 stellt die Airline SunExpress zum Beispiel ab D\u00fcsseldorf dreimal pro Woche einen Flug nach Fuerteventura in Aussicht. Entsprechende Fl\u00fcge nach Lanzarote werden ab Frankfurt, D\u00fcsseldorf und Stuttgart zweimal w\u00f6chentlich angeboten. Jeden Dienstag soll es auch ab Paderborn nach Lanzarote an den Start gehen. Weitere Infos gibt es auf sunexpress.com\/de. <\/p>\n","protected":false},"excerpt":{"rendered":"<p>Reisefans, die vorausschauend planen, sind vielleicht schon jetzt auf der Suche nach attraktiven Urlaubsangeboten. Auf diese Art und Weise l\u00e4sst sich oft bares Geld sparen. Potentielle Urlauber, die ihre Ferien im Sommer 2017 auf den Kanaren verbringen m\u00f6chten, sollten sich den Sommerflugplan der deutsch-t\u00fcrkischen Fluggesellschaft SunExpress einmal n\u00e4her anschauen, denn dieser verspricht mehr Fl\u00fcge zu [&hellip;]<\/p>\n","protected":false},"author":2,"featured_media":0,"comment_status":"open","ping_status":"open","sticky":false,"template":"","format":"standard","meta":{"footnotes":""},"categories":[9],"tags":[],"class_list":["post-3438","post","type-post","status-publish","format-standard","hentry","category-flug"],"_links":{"self":[{"href":"https:\/\/www.kanaren-virtuell.de\/news\/wp-json\/wp\/v2\/posts\/3438","targetHints":{"allow":["GET"]}}],"collection":[{"href":"https:\/\/www.kanaren-virtuell.de\/news\/wp-json\/wp\/v2\/posts"}],"about":[{"href":"https:\/\/www.kanaren-virtuell.de\/news\/wp-json\/wp\/v2\/types\/post"}],"author":[{"embeddable":true,"href":"https:\/\/www.kanaren-virtuell.de\/news\/wp-json\/wp\/v2\/users\/2"}],"replies":[{"embeddable":true,"href":"https:\/\/www.kanaren-virtuell.de\/news\/wp-json\/wp\/v2\/comments?post=3438"}],"version-history":[{"count":1,"href":"https:\/\/www.kanaren-virtuell.de\/news\/wp-json\/wp\/v2\/posts\/3438\/revisions"}],"predecessor-version":[{"id":3439,"href":"https:\/\/www.kanaren-virtuell.de\/news\/wp-json\/wp\/v2\/posts\/3438\/revisions\/3439"}],"wp:attachment":[{"href":"https:\/\/www.kanaren-virtuell.de\/news\/wp-json\/wp\/v2\/media?parent=3438"}],"wp:term":[{"taxonomy":"category","embeddable":true,"href":"https:\/\/www.kanaren-virtuell.de\/news\/wp-json\/wp\/v2\/categories?post=3438"},{"taxonomy":"post_tag","embeddable":true,"href":"https:\/\/www.kanaren-virtuell.de\/news\/wp-json\/wp\/v2\/tags?post=3438"}],"curies":[{"name":"wp","href":"https:\/\/api.w.org\/{rel}","templated":true}]}}