{"id":3486,"date":"2017-02-01T19:19:16","date_gmt":"2017-02-01T17:19:16","guid":{"rendered":"http:\/\/www.kanaren-virtuell.de\/news\/?p=3486"},"modified":"2017-02-01T19:19:16","modified_gmt":"2017-02-01T17:19:16","slug":"la-palma-mandelbluetenfest-in-puntagorda-2","status":"publish","type":"post","link":"https:\/\/www.kanaren-virtuell.de\/news\/la-palma-mandelbluetenfest-in-puntagorda-2\/","title":{"rendered":"La Palma \u2013 Mandelbl\u00fctenfest in Puntagorda"},"content":{"rendered":"<p>Kanaren-Urlauber, die gerne auf Wanderschaft gehen, sind in den Monaten Januar und Februar beispielsweise auf La Palma genau richtig. In dieser Zeit sind die Temperaturen nicht zu hoch und die Natur h\u00e4lt das eine oder andere Highlight bereit. Hierzu z\u00e4hlt unter anderem die j\u00e4hrliche Mandelbl\u00fcte, die Regionen der Insel in ein riesiges Bl\u00fctenmeer tauchen. <\/p>\n<p>In Puntagorda im Westen der Kanareninsel La Palma wird am 3., 4. und 5. Februar 2017 das Mandelbl\u00fctenfest \u201eFiesta del Almendro\u201c gefeiert. Musik, Folklore und zahlreiche Mandel-Produkte aus regionaler Herstellung, die gekostet und gekauft werden k\u00f6nnen, gestalten einen Besuch des Festes sehr abwechslungsreich. <\/p>\n","protected":false},"excerpt":{"rendered":"<p>Kanaren-Urlauber, die gerne auf Wanderschaft gehen, sind in den Monaten Januar und Februar beispielsweise auf La Palma genau richtig. In dieser Zeit sind die Temperaturen nicht zu hoch und die Natur h\u00e4lt das eine oder andere Highlight bereit. Hierzu z\u00e4hlt unter anderem die j\u00e4hrliche Mandelbl\u00fcte, die Regionen der Insel in ein riesiges Bl\u00fctenmeer tauchen. In [&hellip;]<\/p>\n","protected":false},"author":2,"featured_media":0,"comment_status":"open","ping_status":"open","sticky":false,"template":"","format":"standard","meta":{"footnotes":""},"categories":[7,22],"tags":[],"class_list":["post-3486","post","type-post","status-publish","format-standard","hentry","category-la-palma","category-veranstaltungen"],"_links":{"self":[{"href":"https:\/\/www.kanaren-virtuell.de\/news\/wp-json\/wp\/v2\/posts\/3486","targetHints":{"allow":["GET"]}}],"collection":[{"href":"https:\/\/www.kanaren-virtuell.de\/news\/wp-json\/wp\/v2\/posts"}],"about":[{"href":"https:\/\/www.kanaren-virtuell.de\/news\/wp-json\/wp\/v2\/types\/post"}],"author":[{"embeddable":true,"href":"https:\/\/www.kanaren-virtuell.de\/news\/wp-json\/wp\/v2\/users\/2"}],"replies":[{"embeddable":true,"href":"https:\/\/www.kanaren-virtuell.de\/news\/wp-json\/wp\/v2\/comments?post=3486"}],"version-history":[{"count":1,"href":"https:\/\/www.kanaren-virtuell.de\/news\/wp-json\/wp\/v2\/posts\/3486\/revisions"}],"predecessor-version":[{"id":3487,"href":"https:\/\/www.kanaren-virtuell.de\/news\/wp-json\/wp\/v2\/posts\/3486\/revisions\/3487"}],"wp:attachment":[{"href":"https:\/\/www.kanaren-virtuell.de\/news\/wp-json\/wp\/v2\/media?parent=3486"}],"wp:term":[{"taxonomy":"category","embeddable":true,"href":"https:\/\/www.kanaren-virtuell.de\/news\/wp-json\/wp\/v2\/categories?post=3486"},{"taxonomy":"post_tag","embeddable":true,"href":"https:\/\/www.kanaren-virtuell.de\/news\/wp-json\/wp\/v2\/tags?post=3486"}],"curies":[{"name":"wp","href":"https:\/\/api.w.org\/{rel}","templated":true}]}}