{"id":3510,"date":"2017-02-17T18:59:49","date_gmt":"2017-02-17T16:59:49","guid":{"rendered":"http:\/\/www.kanaren-virtuell.de\/news\/?p=3510"},"modified":"2017-02-17T18:59:49","modified_gmt":"2017-02-17T16:59:49","slug":"gran-canaria-pueblo-canario-soll-saniert-werden","status":"publish","type":"post","link":"https:\/\/www.kanaren-virtuell.de\/news\/gran-canaria-pueblo-canario-soll-saniert-werden\/","title":{"rendered":"Gran Canaria &#8211; Pueblo Canario soll saniert werden"},"content":{"rendered":"<p>Unz\u00e4hlige Touristen zieht es w\u00e4hrend eines Aufenthalts auf Gran Canaria in das als Kulturgut geltende Pueblo Canario. Unweit des Zentrums von Las Palmas de Gran Canaria kann man typisch kanarische Architektur bewundern, Spezialit\u00e4ten der lokalen K\u00fcche genie\u00dfen, Kunsthandwerk sowie Folklore erleben und auch das eine oder andere Andenken erstehen. <\/p>\n<p>Wer in der letzten Zeit im Pueblo Canario zu Besuch war, musste allerdings feststellen, dass die Zeit nicht spurlos daran vorbeigegangen war. Umso erfreulicher ist es nun, dass die Rettung des Kulturguts beschlossen wurde. Aktuellen Berichten zufolge will die Stadt Las Palmas die Sanierung des Pueblos Canario in Angriff nehmen und diesem so wieder zu neuem Glanz verhelfen. <\/p>\n","protected":false},"excerpt":{"rendered":"<p>Unz\u00e4hlige Touristen zieht es w\u00e4hrend eines Aufenthalts auf Gran Canaria in das als Kulturgut geltende Pueblo Canario. Unweit des Zentrums von Las Palmas de Gran Canaria kann man typisch kanarische Architektur bewundern, Spezialit\u00e4ten der lokalen K\u00fcche genie\u00dfen, Kunsthandwerk sowie Folklore erleben und auch das eine oder andere Andenken erstehen. Wer in der letzten Zeit im [&hellip;]<\/p>\n","protected":false},"author":2,"featured_media":0,"comment_status":"open","ping_status":"open","sticky":false,"template":"","format":"standard","meta":{"footnotes":""},"categories":[4],"tags":[],"class_list":["post-3510","post","type-post","status-publish","format-standard","hentry","category-gran-canaria"],"_links":{"self":[{"href":"https:\/\/www.kanaren-virtuell.de\/news\/wp-json\/wp\/v2\/posts\/3510","targetHints":{"allow":["GET"]}}],"collection":[{"href":"https:\/\/www.kanaren-virtuell.de\/news\/wp-json\/wp\/v2\/posts"}],"about":[{"href":"https:\/\/www.kanaren-virtuell.de\/news\/wp-json\/wp\/v2\/types\/post"}],"author":[{"embeddable":true,"href":"https:\/\/www.kanaren-virtuell.de\/news\/wp-json\/wp\/v2\/users\/2"}],"replies":[{"embeddable":true,"href":"https:\/\/www.kanaren-virtuell.de\/news\/wp-json\/wp\/v2\/comments?post=3510"}],"version-history":[{"count":1,"href":"https:\/\/www.kanaren-virtuell.de\/news\/wp-json\/wp\/v2\/posts\/3510\/revisions"}],"predecessor-version":[{"id":3511,"href":"https:\/\/www.kanaren-virtuell.de\/news\/wp-json\/wp\/v2\/posts\/3510\/revisions\/3511"}],"wp:attachment":[{"href":"https:\/\/www.kanaren-virtuell.de\/news\/wp-json\/wp\/v2\/media?parent=3510"}],"wp:term":[{"taxonomy":"category","embeddable":true,"href":"https:\/\/www.kanaren-virtuell.de\/news\/wp-json\/wp\/v2\/categories?post=3510"},{"taxonomy":"post_tag","embeddable":true,"href":"https:\/\/www.kanaren-virtuell.de\/news\/wp-json\/wp\/v2\/tags?post=3510"}],"curies":[{"name":"wp","href":"https:\/\/api.w.org\/{rel}","templated":true}]}}