{"id":3549,"date":"2017-03-27T15:23:25","date_gmt":"2017-03-27T13:23:25","guid":{"rendered":"http:\/\/www.kanaren-virtuell.de\/news\/?p=3549"},"modified":"2017-03-27T15:23:25","modified_gmt":"2017-03-27T13:23:25","slug":"gran-canaria-rocio-pozo-ensemble-praesentiert-neue-flamenco-show","status":"publish","type":"post","link":"https:\/\/www.kanaren-virtuell.de\/news\/gran-canaria-rocio-pozo-ensemble-praesentiert-neue-flamenco-show\/","title":{"rendered":"Gran Canaria \u2013 Rocio Pozo Ensemble pr\u00e4sentiert neue Flamenco-Show"},"content":{"rendered":"<p>W\u00e4hrend eines Urlaubs auf Gran Canaria darf man sich nicht nur auf kilometerlange Str\u00e4nde und viel Sonne freuen, sondern genie\u00dft, dank zahlreicher Veranstaltungen, auch bei der Abendgestaltung ein vielseitiges Angebot. Traditionelle Feste, Sport-Events und kulturelle Veranstaltungen halten eigentlich f\u00fcr jeden Geschmack etwas Passendes bereit. <\/p>\n<p>Am 31. M\u00e4rz 2017 k\u00f6nnen Liebhaber spanischer Musik und T\u00e4nze auf ihre Kosten kommen, denn um 20.30 Uhr findet im Teatro Guiniguada in Las Palmas de Gran Canaria die neue Flamenco-Show \u201eSentimientos flamencos\u201c des Rocio Pozo Ensembles  statt. Eintrittskarten zum Preis zwischen 12 und 14 Euro kann man auf entrees.es bestellen. <\/p>\n","protected":false},"excerpt":{"rendered":"<p>W\u00e4hrend eines Urlaubs auf Gran Canaria darf man sich nicht nur auf kilometerlange Str\u00e4nde und viel Sonne freuen, sondern genie\u00dft, dank zahlreicher Veranstaltungen, auch bei der Abendgestaltung ein vielseitiges Angebot. Traditionelle Feste, Sport-Events und kulturelle Veranstaltungen halten eigentlich f\u00fcr jeden Geschmack etwas Passendes bereit. Am 31. M\u00e4rz 2017 k\u00f6nnen Liebhaber spanischer Musik und T\u00e4nze auf [&hellip;]<\/p>\n","protected":false},"author":2,"featured_media":0,"comment_status":"open","ping_status":"open","sticky":false,"template":"","format":"standard","meta":{"footnotes":""},"categories":[4,22],"tags":[],"class_list":["post-3549","post","type-post","status-publish","format-standard","hentry","category-gran-canaria","category-veranstaltungen"],"_links":{"self":[{"href":"https:\/\/www.kanaren-virtuell.de\/news\/wp-json\/wp\/v2\/posts\/3549","targetHints":{"allow":["GET"]}}],"collection":[{"href":"https:\/\/www.kanaren-virtuell.de\/news\/wp-json\/wp\/v2\/posts"}],"about":[{"href":"https:\/\/www.kanaren-virtuell.de\/news\/wp-json\/wp\/v2\/types\/post"}],"author":[{"embeddable":true,"href":"https:\/\/www.kanaren-virtuell.de\/news\/wp-json\/wp\/v2\/users\/2"}],"replies":[{"embeddable":true,"href":"https:\/\/www.kanaren-virtuell.de\/news\/wp-json\/wp\/v2\/comments?post=3549"}],"version-history":[{"count":1,"href":"https:\/\/www.kanaren-virtuell.de\/news\/wp-json\/wp\/v2\/posts\/3549\/revisions"}],"predecessor-version":[{"id":3550,"href":"https:\/\/www.kanaren-virtuell.de\/news\/wp-json\/wp\/v2\/posts\/3549\/revisions\/3550"}],"wp:attachment":[{"href":"https:\/\/www.kanaren-virtuell.de\/news\/wp-json\/wp\/v2\/media?parent=3549"}],"wp:term":[{"taxonomy":"category","embeddable":true,"href":"https:\/\/www.kanaren-virtuell.de\/news\/wp-json\/wp\/v2\/categories?post=3549"},{"taxonomy":"post_tag","embeddable":true,"href":"https:\/\/www.kanaren-virtuell.de\/news\/wp-json\/wp\/v2\/tags?post=3549"}],"curies":[{"name":"wp","href":"https:\/\/api.w.org\/{rel}","templated":true}]}}