{"id":3553,"date":"2017-03-31T15:12:14","date_gmt":"2017-03-31T13:12:14","guid":{"rendered":"http:\/\/www.kanaren-virtuell.de\/news\/?p=3553"},"modified":"2017-03-31T15:12:14","modified_gmt":"2017-03-31T13:12:14","slug":"internationale-modemesse-auf-teneriffa","status":"publish","type":"post","link":"https:\/\/www.kanaren-virtuell.de\/news\/internationale-modemesse-auf-teneriffa\/","title":{"rendered":"Internationale Modemesse auf Teneriffa"},"content":{"rendered":"<p>Kanaren-Urlauber, die sich gerade auf der Ferieninsel Teneriffa erholen und sich auch im Urlaub f\u00fcr die neuesten Modetrends interessieren, sollten an diesem Wochenende einen Ausflug nach Santa Cruz einplanen. Hier findet n\u00e4mlich gerade die Internationale Modemesse \u201eFeria Internacional de la Moda de Tenerife\u201c statt. Das ganze Wochenende k\u00f6nnen Modefreaks im Recinto Ferial auf Teneriffa Modenschauen besuchen und sich die Neuheiten der internationalen Designer ansehen. <\/p>\n<p>Das Messegel\u00e4nde erstreckt sich \u00fcber eine Ausstellungsfl\u00e4che von rund 9.000 Quadratmeter. Anbieter von Modelinien f\u00fcr gro\u00dfe Gr\u00f6\u00dfen sollen auch vor Ort sein. F\u00fcr das leibliche Wohl der Besucher soll ebenfalls gesorgt sein. Eine Eintrittskarte kostet 2 Euro. <\/p>\n","protected":false},"excerpt":{"rendered":"<p>Kanaren-Urlauber, die sich gerade auf der Ferieninsel Teneriffa erholen und sich auch im Urlaub f\u00fcr die neuesten Modetrends interessieren, sollten an diesem Wochenende einen Ausflug nach Santa Cruz einplanen. Hier findet n\u00e4mlich gerade die Internationale Modemesse \u201eFeria Internacional de la Moda de Tenerife\u201c statt. Das ganze Wochenende k\u00f6nnen Modefreaks im Recinto Ferial auf Teneriffa Modenschauen [&hellip;]<\/p>\n","protected":false},"author":2,"featured_media":0,"comment_status":"open","ping_status":"open","sticky":false,"template":"","format":"standard","meta":{"footnotes":""},"categories":[2,22],"tags":[],"class_list":["post-3553","post","type-post","status-publish","format-standard","hentry","category-teneriffa","category-veranstaltungen"],"_links":{"self":[{"href":"https:\/\/www.kanaren-virtuell.de\/news\/wp-json\/wp\/v2\/posts\/3553","targetHints":{"allow":["GET"]}}],"collection":[{"href":"https:\/\/www.kanaren-virtuell.de\/news\/wp-json\/wp\/v2\/posts"}],"about":[{"href":"https:\/\/www.kanaren-virtuell.de\/news\/wp-json\/wp\/v2\/types\/post"}],"author":[{"embeddable":true,"href":"https:\/\/www.kanaren-virtuell.de\/news\/wp-json\/wp\/v2\/users\/2"}],"replies":[{"embeddable":true,"href":"https:\/\/www.kanaren-virtuell.de\/news\/wp-json\/wp\/v2\/comments?post=3553"}],"version-history":[{"count":1,"href":"https:\/\/www.kanaren-virtuell.de\/news\/wp-json\/wp\/v2\/posts\/3553\/revisions"}],"predecessor-version":[{"id":3554,"href":"https:\/\/www.kanaren-virtuell.de\/news\/wp-json\/wp\/v2\/posts\/3553\/revisions\/3554"}],"wp:attachment":[{"href":"https:\/\/www.kanaren-virtuell.de\/news\/wp-json\/wp\/v2\/media?parent=3553"}],"wp:term":[{"taxonomy":"category","embeddable":true,"href":"https:\/\/www.kanaren-virtuell.de\/news\/wp-json\/wp\/v2\/categories?post=3553"},{"taxonomy":"post_tag","embeddable":true,"href":"https:\/\/www.kanaren-virtuell.de\/news\/wp-json\/wp\/v2\/tags?post=3553"}],"curies":[{"name":"wp","href":"https:\/\/api.w.org\/{rel}","templated":true}]}}