{"id":3639,"date":"2017-07-05T13:44:05","date_gmt":"2017-07-05T11:44:05","guid":{"rendered":"http:\/\/www.kanaren-virtuell.de\/news\/?p=3639"},"modified":"2017-07-05T13:44:05","modified_gmt":"2017-07-05T11:44:05","slug":"la-palma-kulinarische-genuesse-auf-der-ruta-de-la-carne-de-cabra","status":"publish","type":"post","link":"https:\/\/www.kanaren-virtuell.de\/news\/la-palma-kulinarische-genuesse-auf-der-ruta-de-la-carne-de-cabra\/","title":{"rendered":"La Palma \u2013 Kulinarische Gen\u00fcsse auf der Ruta de la Carne de Cabra"},"content":{"rendered":"<p>Die Vulkaninsel La Palma erfreut sich vor allem bei Naturliebhabern gro\u00dfer Beliebtheit. Dies verwundert nicht, schlie\u00dflich kann die Kanareninsel mit facettenreichen Vulkanlandschaften, schattenspendenden W\u00e4ldern und reizvollen Str\u00e4nden aufwarten. Die regionale K\u00fcche spielt im Urlaub nat\u00fcrlich ebenfalls eine gro\u00dfe Rolle. Unter anderem steht auf La Palma immer wieder auch Ziegenfleisch auf dem Speiseplan. <\/p>\n<p>Am kommenden Wochenende, dem 7. und 8. Juli 2017, findet in der Inselhauptstadt Santa Cruz de La Palma die Veranstaltung Ruta de la Carne de Cabra statt. Hierbei steht Ziegenfleisch, das ein fester Bestandteil der kanarischen K\u00fcche ist, im Mittelpunkt. In insgesamt 23 Restaurants und Bars bekommt man an diesem Wochenende k\u00f6stliche Gerichte mit Ziegenfleisch zum g\u00fcnstigen Preis. <\/p>\n","protected":false},"excerpt":{"rendered":"<p>Die Vulkaninsel La Palma erfreut sich vor allem bei Naturliebhabern gro\u00dfer Beliebtheit. Dies verwundert nicht, schlie\u00dflich kann die Kanareninsel mit facettenreichen Vulkanlandschaften, schattenspendenden W\u00e4ldern und reizvollen Str\u00e4nden aufwarten. Die regionale K\u00fcche spielt im Urlaub nat\u00fcrlich ebenfalls eine gro\u00dfe Rolle. Unter anderem steht auf La Palma immer wieder auch Ziegenfleisch auf dem Speiseplan. Am kommenden Wochenende, [&hellip;]<\/p>\n","protected":false},"author":2,"featured_media":0,"comment_status":"open","ping_status":"open","sticky":false,"template":"","format":"standard","meta":{"footnotes":""},"categories":[7,22],"tags":[],"class_list":["post-3639","post","type-post","status-publish","format-standard","hentry","category-la-palma","category-veranstaltungen"],"_links":{"self":[{"href":"https:\/\/www.kanaren-virtuell.de\/news\/wp-json\/wp\/v2\/posts\/3639","targetHints":{"allow":["GET"]}}],"collection":[{"href":"https:\/\/www.kanaren-virtuell.de\/news\/wp-json\/wp\/v2\/posts"}],"about":[{"href":"https:\/\/www.kanaren-virtuell.de\/news\/wp-json\/wp\/v2\/types\/post"}],"author":[{"embeddable":true,"href":"https:\/\/www.kanaren-virtuell.de\/news\/wp-json\/wp\/v2\/users\/2"}],"replies":[{"embeddable":true,"href":"https:\/\/www.kanaren-virtuell.de\/news\/wp-json\/wp\/v2\/comments?post=3639"}],"version-history":[{"count":1,"href":"https:\/\/www.kanaren-virtuell.de\/news\/wp-json\/wp\/v2\/posts\/3639\/revisions"}],"predecessor-version":[{"id":3640,"href":"https:\/\/www.kanaren-virtuell.de\/news\/wp-json\/wp\/v2\/posts\/3639\/revisions\/3640"}],"wp:attachment":[{"href":"https:\/\/www.kanaren-virtuell.de\/news\/wp-json\/wp\/v2\/media?parent=3639"}],"wp:term":[{"taxonomy":"category","embeddable":true,"href":"https:\/\/www.kanaren-virtuell.de\/news\/wp-json\/wp\/v2\/categories?post=3639"},{"taxonomy":"post_tag","embeddable":true,"href":"https:\/\/www.kanaren-virtuell.de\/news\/wp-json\/wp\/v2\/tags?post=3639"}],"curies":[{"name":"wp","href":"https:\/\/api.w.org\/{rel}","templated":true}]}}