{"id":364,"date":"2010-02-13T16:37:47","date_gmt":"2010-02-13T14:37:47","guid":{"rendered":"http:\/\/www.kanaren-virtuell.de\/news\/?p=364"},"modified":"2013-10-15T18:55:11","modified_gmt":"2013-10-15T16:55:11","slug":"die-zdf-fruehlingsshow-auf-fuerteventura","status":"publish","type":"post","link":"https:\/\/www.kanaren-virtuell.de\/news\/die-zdf-fruehlingsshow-auf-fuerteventura\/","title":{"rendered":"Die ZDF-Fr\u00fchlingsshow auf Fuerteventura"},"content":{"rendered":"<p>Die beliebte <a href=\"http:\/\/www.kanaren-virtuell.de\/blog\/gran-canaria\/2009\/03\/13\/die-zdf-fruhlingsshow-sorgte-fur-wirbel-auf-gran\/\">ZDF-Fr\u00fchlingsshow<\/a> kommt im April und Mai 2010 auf die Kanareninsel Fuerteventura. Kanaren-Fans k\u00f6nnen sich auf drei unterhaltsame Shows und viele bekannte Stars freuen. Die Termine, an denen die Sendungen jeweils aufgezeichnet werden, sind der 18. April, 25. April und der 02. Mai. Beginn ist jeweils um 11.00 Uhr. <\/p>\n<p>Das ZDF hat jetzt eine Aufrufaktion gestartet, bei der die Zuschauer ihre sch\u00f6nsten Kanaren-Bilder einschicken k\u00f6nnen, die dann entweder online ver\u00f6ffentlicht oder aber in einer der Shows auf Fuerteventura gezeigt werden. Zu diesem Zweck hat der Sender auf seiner Webseite ein <a href=\"http:\/\/fruehlingsshow.zdf.de\/ZDFde\/inhalt\/2\/0,1872,5258018,00.html?dr=1\" target=\"_blank\">Upload-Tool<\/a> eingerichtet, wo die Bilder eingereicht werden k\u00f6nnen. Die Moderatoren Eva-Maria Grein und Ingo Nommsen begr\u00fc\u00dfen in der Auftaktsendung unter anderem Ralph Morgenstern, Entertainer Ross Antony und Starkoch Kolja Kleeberg. F\u00fcr diejenigen, die sich zu der Zeit ohnehin gerade auf der <a href=\"http:\/\/www.kanaren-virtuell.de\/fuerteventura\/\">Insel Fuerteventura<\/a> aufhalten, lohnt sich ein Besuch der Show auf jeden Fall. <\/p>\n","protected":false},"excerpt":{"rendered":"<p>Die beliebte ZDF-Fr\u00fchlingsshow kommt im April und Mai 2010 auf die Kanareninsel Fuerteventura. Kanaren-Fans k\u00f6nnen sich auf drei unterhaltsame Shows und viele bekannte Stars freuen. Die Termine, an denen die Sendungen jeweils aufgezeichnet werden, sind der 18. April, 25. April und der 02. Mai. Beginn ist jeweils um 11.00 Uhr. Das ZDF hat jetzt eine [&hellip;]<\/p>\n","protected":false},"author":2,"featured_media":0,"comment_status":"open","ping_status":"open","sticky":false,"template":"","format":"standard","meta":{"footnotes":""},"categories":[5,21],"tags":[],"class_list":["post-364","post","type-post","status-publish","format-standard","hentry","category-fuertevenura","category-medien"],"_links":{"self":[{"href":"https:\/\/www.kanaren-virtuell.de\/news\/wp-json\/wp\/v2\/posts\/364","targetHints":{"allow":["GET"]}}],"collection":[{"href":"https:\/\/www.kanaren-virtuell.de\/news\/wp-json\/wp\/v2\/posts"}],"about":[{"href":"https:\/\/www.kanaren-virtuell.de\/news\/wp-json\/wp\/v2\/types\/post"}],"author":[{"embeddable":true,"href":"https:\/\/www.kanaren-virtuell.de\/news\/wp-json\/wp\/v2\/users\/2"}],"replies":[{"embeddable":true,"href":"https:\/\/www.kanaren-virtuell.de\/news\/wp-json\/wp\/v2\/comments?post=364"}],"version-history":[{"count":1,"href":"https:\/\/www.kanaren-virtuell.de\/news\/wp-json\/wp\/v2\/posts\/364\/revisions"}],"predecessor-version":[{"id":365,"href":"https:\/\/www.kanaren-virtuell.de\/news\/wp-json\/wp\/v2\/posts\/364\/revisions\/365"}],"wp:attachment":[{"href":"https:\/\/www.kanaren-virtuell.de\/news\/wp-json\/wp\/v2\/media?parent=364"}],"wp:term":[{"taxonomy":"category","embeddable":true,"href":"https:\/\/www.kanaren-virtuell.de\/news\/wp-json\/wp\/v2\/categories?post=364"},{"taxonomy":"post_tag","embeddable":true,"href":"https:\/\/www.kanaren-virtuell.de\/news\/wp-json\/wp\/v2\/tags?post=364"}],"curies":[{"name":"wp","href":"https:\/\/api.w.org\/{rel}","templated":true}]}}