{"id":3676,"date":"2017-08-04T12:28:15","date_gmt":"2017-08-04T10:28:15","guid":{"rendered":"http:\/\/www.kanaren-virtuell.de\/news\/?p=3676"},"modified":"2017-08-04T12:28:15","modified_gmt":"2017-08-04T10:28:15","slug":"veranstaltungs-tipp-feeling-festival-auf-teneriffa","status":"publish","type":"post","link":"https:\/\/www.kanaren-virtuell.de\/news\/veranstaltungs-tipp-feeling-festival-auf-teneriffa\/","title":{"rendered":"Veranstaltungs-Tipp \u2013 Feeling-Festival auf Teneriffa"},"content":{"rendered":"<p>Die Stadt San Cristobal de La Laguna liegt ganz im Norden der Ferieninsel Teneriffa und ist dank zahlreicher historischer Bauwerke und Pl\u00e4tze auch f\u00fcr Kulturinteressierte stets einen Besuch wert. Nat\u00fcrlich l\u00e4dt die Gemeinde in regelm\u00e4\u00dfigen Abst\u00e4nden zu unterschiedlichsten Veranstaltungen ein, die Urlaubern die Gelegenheit bieten, einen kleinen Einblick in das Leben der Einheimischen zu bekommen. Am 5. August 2017 steht das Feeling-Festival an. <\/p>\n<p>Wer Lust auf hei\u00dfe Reggae-Rhythmen hat, sollte sich also am Samstag ab 16 Uhr auf der Plaza del Christo in La Laguna einfinden. Man darf sich auf Stars wie Inner Circle und Gentleman freuen. Die Eintrittskarten sind f\u00fcr 35 Euro zu haben. <\/p>\n","protected":false},"excerpt":{"rendered":"<p>Die Stadt San Cristobal de La Laguna liegt ganz im Norden der Ferieninsel Teneriffa und ist dank zahlreicher historischer Bauwerke und Pl\u00e4tze auch f\u00fcr Kulturinteressierte stets einen Besuch wert. Nat\u00fcrlich l\u00e4dt die Gemeinde in regelm\u00e4\u00dfigen Abst\u00e4nden zu unterschiedlichsten Veranstaltungen ein, die Urlaubern die Gelegenheit bieten, einen kleinen Einblick in das Leben der Einheimischen zu bekommen. [&hellip;]<\/p>\n","protected":false},"author":2,"featured_media":0,"comment_status":"open","ping_status":"open","sticky":false,"template":"","format":"standard","meta":{"footnotes":""},"categories":[2,22],"tags":[],"class_list":["post-3676","post","type-post","status-publish","format-standard","hentry","category-teneriffa","category-veranstaltungen"],"_links":{"self":[{"href":"https:\/\/www.kanaren-virtuell.de\/news\/wp-json\/wp\/v2\/posts\/3676","targetHints":{"allow":["GET"]}}],"collection":[{"href":"https:\/\/www.kanaren-virtuell.de\/news\/wp-json\/wp\/v2\/posts"}],"about":[{"href":"https:\/\/www.kanaren-virtuell.de\/news\/wp-json\/wp\/v2\/types\/post"}],"author":[{"embeddable":true,"href":"https:\/\/www.kanaren-virtuell.de\/news\/wp-json\/wp\/v2\/users\/2"}],"replies":[{"embeddable":true,"href":"https:\/\/www.kanaren-virtuell.de\/news\/wp-json\/wp\/v2\/comments?post=3676"}],"version-history":[{"count":1,"href":"https:\/\/www.kanaren-virtuell.de\/news\/wp-json\/wp\/v2\/posts\/3676\/revisions"}],"predecessor-version":[{"id":3677,"href":"https:\/\/www.kanaren-virtuell.de\/news\/wp-json\/wp\/v2\/posts\/3676\/revisions\/3677"}],"wp:attachment":[{"href":"https:\/\/www.kanaren-virtuell.de\/news\/wp-json\/wp\/v2\/media?parent=3676"}],"wp:term":[{"taxonomy":"category","embeddable":true,"href":"https:\/\/www.kanaren-virtuell.de\/news\/wp-json\/wp\/v2\/categories?post=3676"},{"taxonomy":"post_tag","embeddable":true,"href":"https:\/\/www.kanaren-virtuell.de\/news\/wp-json\/wp\/v2\/tags?post=3676"}],"curies":[{"name":"wp","href":"https:\/\/api.w.org\/{rel}","templated":true}]}}