{"id":372,"date":"2010-02-16T16:41:03","date_gmt":"2010-02-16T14:41:03","guid":{"rendered":"http:\/\/www.kanaren-virtuell.de\/news\/?p=372"},"modified":"2013-10-15T16:41:31","modified_gmt":"2013-10-15T14:41:31","slug":"mal-wieder-sturm","status":"publish","type":"post","link":"https:\/\/www.kanaren-virtuell.de\/news\/mal-wieder-sturm\/","title":{"rendered":"Mal wieder Sturm"},"content":{"rendered":"<p>Das n\u00e4chste Unwetter sucht mal wieder die Kanarischen Inseln heim. Unwetterwarnstufe Orange wurde ausgerufen und bis Mittwoch verl\u00e4ngert. Besonders betroffen sind die h\u00f6her gelegenen Gebiete der Gemeinden Vilaflor und La Orotava auf Teneriffa. Hier soll es orkanartigen Sturm bis 120 km\/h geben. Auf La Gomera, El Hierro und im Hochland von Gran Canaria und La Palma sollen bis 90 km\/h erreicht werden. Garniert wird das Ganze auf den westlichen Inseln von teilweise starkem Regen. Auch am morgigen Tag wird mit Sturm und Regen gerechnet. Seit Sonntag, dem 14. Februar 2010, sind die Flugh\u00e4fen von La Palma , El Hierro und Gomera wegen des Sturmes geschlossen. Die St\u00fcrme aus S\u00fcdwest beeintr\u00e4chtigen besonders den Flughafen La Palma. Mehr als 9000 Passagieren sind von den annulierten oder umgeleiteten Fl\u00fcgen betroffen. Ankommende internationale Fl\u00fcge wurden nach Teneriffa und Gran Canaria umgeleitet.<\/p>\n","protected":false},"excerpt":{"rendered":"<p>Das n\u00e4chste Unwetter sucht mal wieder die Kanarischen Inseln heim. Unwetterwarnstufe Orange wurde ausgerufen und bis Mittwoch verl\u00e4ngert. Besonders betroffen sind die h\u00f6her gelegenen Gebiete der Gemeinden Vilaflor und La Orotava auf Teneriffa. Hier soll es orkanartigen Sturm bis 120 km\/h geben. Auf La Gomera, El Hierro und im Hochland von Gran Canaria und La [&hellip;]<\/p>\n","protected":false},"author":1,"featured_media":0,"comment_status":"open","ping_status":"open","sticky":false,"template":"","format":"standard","meta":{"footnotes":""},"categories":[11],"tags":[],"class_list":["post-372","post","type-post","status-publish","format-standard","hentry","category-wetter"],"_links":{"self":[{"href":"https:\/\/www.kanaren-virtuell.de\/news\/wp-json\/wp\/v2\/posts\/372","targetHints":{"allow":["GET"]}}],"collection":[{"href":"https:\/\/www.kanaren-virtuell.de\/news\/wp-json\/wp\/v2\/posts"}],"about":[{"href":"https:\/\/www.kanaren-virtuell.de\/news\/wp-json\/wp\/v2\/types\/post"}],"author":[{"embeddable":true,"href":"https:\/\/www.kanaren-virtuell.de\/news\/wp-json\/wp\/v2\/users\/1"}],"replies":[{"embeddable":true,"href":"https:\/\/www.kanaren-virtuell.de\/news\/wp-json\/wp\/v2\/comments?post=372"}],"version-history":[{"count":1,"href":"https:\/\/www.kanaren-virtuell.de\/news\/wp-json\/wp\/v2\/posts\/372\/revisions"}],"predecessor-version":[{"id":373,"href":"https:\/\/www.kanaren-virtuell.de\/news\/wp-json\/wp\/v2\/posts\/372\/revisions\/373"}],"wp:attachment":[{"href":"https:\/\/www.kanaren-virtuell.de\/news\/wp-json\/wp\/v2\/media?parent=372"}],"wp:term":[{"taxonomy":"category","embeddable":true,"href":"https:\/\/www.kanaren-virtuell.de\/news\/wp-json\/wp\/v2\/categories?post=372"},{"taxonomy":"post_tag","embeddable":true,"href":"https:\/\/www.kanaren-virtuell.de\/news\/wp-json\/wp\/v2\/tags?post=372"}],"curies":[{"name":"wp","href":"https:\/\/api.w.org\/{rel}","templated":true}]}}