{"id":374,"date":"2010-02-17T16:41:45","date_gmt":"2010-02-17T14:41:45","guid":{"rendered":"http:\/\/www.kanaren-virtuell.de\/news\/?p=374"},"modified":"2013-10-15T16:42:16","modified_gmt":"2013-10-15T14:42:16","slug":"flugbetrieb-auf-la-palma-el-hierro-und-gomera-beeintraechtigt","status":"publish","type":"post","link":"https:\/\/www.kanaren-virtuell.de\/news\/flugbetrieb-auf-la-palma-el-hierro-und-gomera-beeintraechtigt\/","title":{"rendered":"Flugbetrieb auf La Palma, El Hierro und Gomera beeintr\u00e4chtigt"},"content":{"rendered":"<p>Auch am heutigen 17.02.2010 gibt es f\u00fcr den Flugbetrieb zu den 3 kleinen Inseln im Westen des kanarischen Archipel starke Beeintr\u00e4chtigungen. Auf Teneriffa k\u00f6nnen auf beiden Flugh\u00e4fen die Flugzeuge trotz Wind normal landen. Laut AENA verl\u00e4uft der Flugbetrieb auf Gran Canaria, Lanzarote und Fuerteventura momentan v\u00f6llig normal.<\/p>\n","protected":false},"excerpt":{"rendered":"<p>Auch am heutigen 17.02.2010 gibt es f\u00fcr den Flugbetrieb zu den 3 kleinen Inseln im Westen des kanarischen Archipel starke Beeintr\u00e4chtigungen. Auf Teneriffa k\u00f6nnen auf beiden Flugh\u00e4fen die Flugzeuge trotz Wind normal landen. Laut AENA verl\u00e4uft der Flugbetrieb auf Gran Canaria, Lanzarote und Fuerteventura momentan v\u00f6llig normal.<\/p>\n","protected":false},"author":1,"featured_media":0,"comment_status":"open","ping_status":"open","sticky":false,"template":"","format":"standard","meta":{"footnotes":""},"categories":[9,11],"tags":[],"class_list":["post-374","post","type-post","status-publish","format-standard","hentry","category-flug","category-wetter"],"_links":{"self":[{"href":"https:\/\/www.kanaren-virtuell.de\/news\/wp-json\/wp\/v2\/posts\/374","targetHints":{"allow":["GET"]}}],"collection":[{"href":"https:\/\/www.kanaren-virtuell.de\/news\/wp-json\/wp\/v2\/posts"}],"about":[{"href":"https:\/\/www.kanaren-virtuell.de\/news\/wp-json\/wp\/v2\/types\/post"}],"author":[{"embeddable":true,"href":"https:\/\/www.kanaren-virtuell.de\/news\/wp-json\/wp\/v2\/users\/1"}],"replies":[{"embeddable":true,"href":"https:\/\/www.kanaren-virtuell.de\/news\/wp-json\/wp\/v2\/comments?post=374"}],"version-history":[{"count":1,"href":"https:\/\/www.kanaren-virtuell.de\/news\/wp-json\/wp\/v2\/posts\/374\/revisions"}],"predecessor-version":[{"id":375,"href":"https:\/\/www.kanaren-virtuell.de\/news\/wp-json\/wp\/v2\/posts\/374\/revisions\/375"}],"wp:attachment":[{"href":"https:\/\/www.kanaren-virtuell.de\/news\/wp-json\/wp\/v2\/media?parent=374"}],"wp:term":[{"taxonomy":"category","embeddable":true,"href":"https:\/\/www.kanaren-virtuell.de\/news\/wp-json\/wp\/v2\/categories?post=374"},{"taxonomy":"post_tag","embeddable":true,"href":"https:\/\/www.kanaren-virtuell.de\/news\/wp-json\/wp\/v2\/tags?post=374"}],"curies":[{"name":"wp","href":"https:\/\/api.w.org\/{rel}","templated":true}]}}