{"id":3763,"date":"2017-11-13T15:19:01","date_gmt":"2017-11-13T13:19:01","guid":{"rendered":"http:\/\/www.kanaren-virtuell.de\/news\/?p=3763"},"modified":"2017-11-13T15:19:01","modified_gmt":"2017-11-13T13:19:01","slug":"neue-faehrverbindung-zwischen-teneriffa-und-gran-canaria-geplant","status":"publish","type":"post","link":"https:\/\/www.kanaren-virtuell.de\/news\/neue-faehrverbindung-zwischen-teneriffa-und-gran-canaria-geplant\/","title":{"rendered":"Neue F\u00e4hrverbindung zwischen Teneriffa und Gran Canaria geplant"},"content":{"rendered":"<p>Die Jet-Foil-Verbindung zwischen Teneriffa und Gran Canaria wurde im Jahr 2005 eingestellt. Seitdem m\u00fcssen all diejenigen, die von der einen zur anderen Insel gelangen m\u00f6chten, entweder einen Flug nehmen oder auf herk\u00f6mmliche F\u00e4hrverbindungen zur\u00fcckgreifen. Laut aktueller Presse soll nun eine neue F\u00e4hrverbindung geplant sein, die Passagiere innerhalb k\u00fcrzester Zeit von Teneriffa nach Gran Canaria bef\u00f6rdert. <\/p>\n<p>Demnach will Naviera Armas eine F\u00e4hrverbindung zwischen Las Palmas de Gran Canaria und Santa Cruz de Tenerife einrichten, f\u00fcr die der Hochgeschwindigkeits-Katamaran Volcan de Teno genutzt werden soll. Eine entsprechende Fahrt soll lediglich 90 Minuten in Anspruch nehmen. Der Volcan de Teno soll bereits vor Weihnachten zum Einsatz kommen. <\/p>\n","protected":false},"excerpt":{"rendered":"<p>Die Jet-Foil-Verbindung zwischen Teneriffa und Gran Canaria wurde im Jahr 2005 eingestellt. Seitdem m\u00fcssen all diejenigen, die von der einen zur anderen Insel gelangen m\u00f6chten, entweder einen Flug nehmen oder auf herk\u00f6mmliche F\u00e4hrverbindungen zur\u00fcckgreifen. Laut aktueller Presse soll nun eine neue F\u00e4hrverbindung geplant sein, die Passagiere innerhalb k\u00fcrzester Zeit von Teneriffa nach Gran Canaria bef\u00f6rdert. [&hellip;]<\/p>\n","protected":false},"author":2,"featured_media":0,"comment_status":"open","ping_status":"open","sticky":false,"template":"","format":"standard","meta":{"footnotes":""},"categories":[4,2],"tags":[],"class_list":["post-3763","post","type-post","status-publish","format-standard","hentry","category-gran-canaria","category-teneriffa"],"_links":{"self":[{"href":"https:\/\/www.kanaren-virtuell.de\/news\/wp-json\/wp\/v2\/posts\/3763","targetHints":{"allow":["GET"]}}],"collection":[{"href":"https:\/\/www.kanaren-virtuell.de\/news\/wp-json\/wp\/v2\/posts"}],"about":[{"href":"https:\/\/www.kanaren-virtuell.de\/news\/wp-json\/wp\/v2\/types\/post"}],"author":[{"embeddable":true,"href":"https:\/\/www.kanaren-virtuell.de\/news\/wp-json\/wp\/v2\/users\/2"}],"replies":[{"embeddable":true,"href":"https:\/\/www.kanaren-virtuell.de\/news\/wp-json\/wp\/v2\/comments?post=3763"}],"version-history":[{"count":1,"href":"https:\/\/www.kanaren-virtuell.de\/news\/wp-json\/wp\/v2\/posts\/3763\/revisions"}],"predecessor-version":[{"id":3764,"href":"https:\/\/www.kanaren-virtuell.de\/news\/wp-json\/wp\/v2\/posts\/3763\/revisions\/3764"}],"wp:attachment":[{"href":"https:\/\/www.kanaren-virtuell.de\/news\/wp-json\/wp\/v2\/media?parent=3763"}],"wp:term":[{"taxonomy":"category","embeddable":true,"href":"https:\/\/www.kanaren-virtuell.de\/news\/wp-json\/wp\/v2\/categories?post=3763"},{"taxonomy":"post_tag","embeddable":true,"href":"https:\/\/www.kanaren-virtuell.de\/news\/wp-json\/wp\/v2\/tags?post=3763"}],"curies":[{"name":"wp","href":"https:\/\/api.w.org\/{rel}","templated":true}]}}