{"id":3840,"date":"2018-01-28T12:51:26","date_gmt":"2018-01-28T10:51:26","guid":{"rendered":"http:\/\/www.kanaren-virtuell.de\/news\/?p=3840"},"modified":"2018-01-28T12:55:33","modified_gmt":"2018-01-28T10:55:33","slug":"karneval-teneriffa-2018-termine-fuer-santa-cruz-de-tenerife","status":"publish","type":"post","link":"https:\/\/www.kanaren-virtuell.de\/news\/karneval-teneriffa-2018-termine-fuer-santa-cruz-de-tenerife\/","title":{"rendered":"Karneval Teneriffa 2018 &#8211; Termine f\u00fcr Santa Cruz de Tenerife"},"content":{"rendered":"<p>Das aktuelle Karnevals-Motto in Santa Cruz lautet: \u201eFantasie\u201c.<br \/>\nDie wichtigsten Termine:<\/p>\n<p>Sonntag, 28. Januar:  Wahl der Kinderk\u00f6nigin<br \/>\nSamstag, 3. Februar:  Wettbewerb der Tanzgruppen: \u201eComparsas\u201c<br \/>\nMittwoch, 7. Februar: Gala zur Wahl der Karnevalsk\u00f6nigin 2018 von Santa Cruz<br \/>\nFreitag, 9. Februar: Karnevals-Er\u00f6ffnungszug und Beginn des Stra\u00dfenkarnevals<br \/>\nSonntag, 11. Februar: \u201eCarnaval de D\u00eda\u201c \u2013 Karnevalsfest f\u00fcr die ganze Familie<br \/>\nMontag, 12. Februar: Stra\u00dfenfest in Santa Cruz mit Musik und Tanz<br \/>\nDienstag, 13. Februar: Gro\u00dfer Karnevalsumzug (Beginn ca. 16 Uhr)<br \/>\nMittwoch, 14. Februar:\u2008Beerdigung der Sardine (ab 21 Uhr)<\/p>\n<p>Impressionen vom Karnevalsumzug aus vergangenen Jahren: <a href=\"http:\/\/www.kanaren-virtuell.de\/teneriffa_2\/a-z\/karneval-teneriffa-2011-santa-cruz.htm\">Karneval Santa Cruz 2011<\/a><\/p>\n","protected":false},"excerpt":{"rendered":"<p>Das aktuelle Karnevals-Motto in Santa Cruz lautet: \u201eFantasie\u201c. Die wichtigsten Termine: Sonntag, 28. Januar: Wahl der Kinderk\u00f6nigin Samstag, 3. Februar: Wettbewerb der Tanzgruppen: \u201eComparsas\u201c Mittwoch, 7. Februar: Gala zur Wahl der Karnevalsk\u00f6nigin 2018 von Santa Cruz Freitag, 9. Februar: Karnevals-Er\u00f6ffnungszug und Beginn des Stra\u00dfenkarnevals Sonntag, 11. Februar: \u201eCarnaval de D\u00eda\u201c \u2013 Karnevalsfest f\u00fcr die ganze [&hellip;]<\/p>\n","protected":false},"author":1,"featured_media":0,"comment_status":"closed","ping_status":"open","sticky":false,"template":"","format":"standard","meta":{"footnotes":""},"categories":[2,22],"tags":[],"class_list":["post-3840","post","type-post","status-publish","format-standard","hentry","category-teneriffa","category-veranstaltungen"],"_links":{"self":[{"href":"https:\/\/www.kanaren-virtuell.de\/news\/wp-json\/wp\/v2\/posts\/3840","targetHints":{"allow":["GET"]}}],"collection":[{"href":"https:\/\/www.kanaren-virtuell.de\/news\/wp-json\/wp\/v2\/posts"}],"about":[{"href":"https:\/\/www.kanaren-virtuell.de\/news\/wp-json\/wp\/v2\/types\/post"}],"author":[{"embeddable":true,"href":"https:\/\/www.kanaren-virtuell.de\/news\/wp-json\/wp\/v2\/users\/1"}],"replies":[{"embeddable":true,"href":"https:\/\/www.kanaren-virtuell.de\/news\/wp-json\/wp\/v2\/comments?post=3840"}],"version-history":[{"count":3,"href":"https:\/\/www.kanaren-virtuell.de\/news\/wp-json\/wp\/v2\/posts\/3840\/revisions"}],"predecessor-version":[{"id":3843,"href":"https:\/\/www.kanaren-virtuell.de\/news\/wp-json\/wp\/v2\/posts\/3840\/revisions\/3843"}],"wp:attachment":[{"href":"https:\/\/www.kanaren-virtuell.de\/news\/wp-json\/wp\/v2\/media?parent=3840"}],"wp:term":[{"taxonomy":"category","embeddable":true,"href":"https:\/\/www.kanaren-virtuell.de\/news\/wp-json\/wp\/v2\/categories?post=3840"},{"taxonomy":"post_tag","embeddable":true,"href":"https:\/\/www.kanaren-virtuell.de\/news\/wp-json\/wp\/v2\/tags?post=3840"}],"curies":[{"name":"wp","href":"https:\/\/api.w.org\/{rel}","templated":true}]}}