{"id":3844,"date":"2018-01-28T12:55:05","date_gmt":"2018-01-28T10:55:05","guid":{"rendered":"http:\/\/www.kanaren-virtuell.de\/news\/?p=3844"},"modified":"2018-01-28T12:55:05","modified_gmt":"2018-01-28T10:55:05","slug":"karneval-teneriffa-2018-termine-fuer-puerto-de-la-cruz","status":"publish","type":"post","link":"https:\/\/www.kanaren-virtuell.de\/news\/karneval-teneriffa-2018-termine-fuer-puerto-de-la-cruz\/","title":{"rendered":"Karneval Teneriffa 2018 &#8211; Termine f\u00fcr Puerto de la Cruz"},"content":{"rendered":"<p>Die wichtigsten Termine f\u00fcr den Karneval in Puerto de la Cruz<\/p>\n<p>Donnerstag, 8. Februar: Wahl der Karnevalsk\u00f6nigin<br \/>\nSamstag, 10. Februar: Karnevals-Er\u00f6ffnungszug und Beginn des Stra\u00dfenkarnevals<br \/>\nMontag, 12. Februar: Karnevalsbrauch \u201eMatar la Culebra\u201c<br \/>\nAschermittwoch, 14. Februar:\u2008Beerdigung der Sardine<br \/>\nFreitag, 16. Februar: Mascarita Ponte Tacon \/ Tuntenlauf<br \/>\nSamstag, 17. Februar: Gro\u00dfer Karnevalsumzug<\/p>\n","protected":false},"excerpt":{"rendered":"<p>Die wichtigsten Termine f\u00fcr den Karneval in Puerto de la Cruz Donnerstag, 8. Februar: Wahl der Karnevalsk\u00f6nigin Samstag, 10. Februar: Karnevals-Er\u00f6ffnungszug und Beginn des Stra\u00dfenkarnevals Montag, 12. Februar: Karnevalsbrauch \u201eMatar la Culebra\u201c Aschermittwoch, 14. Februar:\u2008Beerdigung der Sardine Freitag, 16. Februar: Mascarita Ponte Tacon \/ Tuntenlauf Samstag, 17. Februar: Gro\u00dfer Karnevalsumzug<\/p>\n","protected":false},"author":1,"featured_media":0,"comment_status":"closed","ping_status":"open","sticky":false,"template":"","format":"standard","meta":{"footnotes":""},"categories":[2,22],"tags":[],"class_list":["post-3844","post","type-post","status-publish","format-standard","hentry","category-teneriffa","category-veranstaltungen"],"_links":{"self":[{"href":"https:\/\/www.kanaren-virtuell.de\/news\/wp-json\/wp\/v2\/posts\/3844","targetHints":{"allow":["GET"]}}],"collection":[{"href":"https:\/\/www.kanaren-virtuell.de\/news\/wp-json\/wp\/v2\/posts"}],"about":[{"href":"https:\/\/www.kanaren-virtuell.de\/news\/wp-json\/wp\/v2\/types\/post"}],"author":[{"embeddable":true,"href":"https:\/\/www.kanaren-virtuell.de\/news\/wp-json\/wp\/v2\/users\/1"}],"replies":[{"embeddable":true,"href":"https:\/\/www.kanaren-virtuell.de\/news\/wp-json\/wp\/v2\/comments?post=3844"}],"version-history":[{"count":1,"href":"https:\/\/www.kanaren-virtuell.de\/news\/wp-json\/wp\/v2\/posts\/3844\/revisions"}],"predecessor-version":[{"id":3845,"href":"https:\/\/www.kanaren-virtuell.de\/news\/wp-json\/wp\/v2\/posts\/3844\/revisions\/3845"}],"wp:attachment":[{"href":"https:\/\/www.kanaren-virtuell.de\/news\/wp-json\/wp\/v2\/media?parent=3844"}],"wp:term":[{"taxonomy":"category","embeddable":true,"href":"https:\/\/www.kanaren-virtuell.de\/news\/wp-json\/wp\/v2\/categories?post=3844"},{"taxonomy":"post_tag","embeddable":true,"href":"https:\/\/www.kanaren-virtuell.de\/news\/wp-json\/wp\/v2\/tags?post=3844"}],"curies":[{"name":"wp","href":"https:\/\/api.w.org\/{rel}","templated":true}]}}