{"id":386,"date":"2010-02-18T16:46:38","date_gmt":"2010-02-18T14:46:38","guid":{"rendered":"http:\/\/www.kanaren-virtuell.de\/news\/?p=386"},"modified":"2013-10-15T18:53:06","modified_gmt":"2013-10-15T16:53:06","slug":"kanaren-kreuzfahrt-wegen-sturm-und-hohen-wellen-unterbrochen","status":"publish","type":"post","link":"https:\/\/www.kanaren-virtuell.de\/news\/kanaren-kreuzfahrt-wegen-sturm-und-hohen-wellen-unterbrochen\/","title":{"rendered":"Kanaren-Kreuzfahrt wegen Sturm und hohen Wellen unterbrochen"},"content":{"rendered":"<p>Am gestrigen Mittwoch sollte die AIDAluna planm\u00e4\u00dfig auf ihrer Route rund um die Kanaren von Fuerteventura nach Lanzarote fahren. Mit nur 34 Seemeilen ist dies die k\u00fcrzeste Etappe auf der <a href=\"http:\/\/www.kanaren-virtuell.de\/kreuzfahrt-kanaren\/\">Kanaren-Kreuzfahrt<\/a>. Wegen bis zu 8 Meter hohen Wellen mu\u00dfte jedoch der Transfer gestoppt werden. Bei diesen Wetterverh\u00e4ltnissen konnte der Kapit\u00e4n die Sicherheit der Passagiere nicht mehr gew\u00e4hrleisten. Die AIDAluna blieb im Hafen von Puerto del Rosario liegen. Aktuell (18.02.2010, 13.00 Uhr) ist das Kreuzfahrtschiff nun unterwegs nach Arrecife auf Lanzarote. Bericht \u00fcber eine <a href=\"http:\/\/www.kanaren-virtuell.de\/kreuzfahrt-kanaren\/reisebericht-teneriffa.htm\">Kreuzfahrt mit AIDAluna<\/a> rund um die Kanaren ohne Sturm<\/p>\n","protected":false},"excerpt":{"rendered":"<p>Am gestrigen Mittwoch sollte die AIDAluna planm\u00e4\u00dfig auf ihrer Route rund um die Kanaren von Fuerteventura nach Lanzarote fahren. Mit nur 34 Seemeilen ist dies die k\u00fcrzeste Etappe auf der Kanaren-Kreuzfahrt. Wegen bis zu 8 Meter hohen Wellen mu\u00dfte jedoch der Transfer gestoppt werden. Bei diesen Wetterverh\u00e4ltnissen konnte der Kapit\u00e4n die Sicherheit der Passagiere nicht [&hellip;]<\/p>\n","protected":false},"author":1,"featured_media":0,"comment_status":"open","ping_status":"open","sticky":false,"template":"","format":"standard","meta":{"footnotes":""},"categories":[11],"tags":[],"class_list":["post-386","post","type-post","status-publish","format-standard","hentry","category-wetter"],"_links":{"self":[{"href":"https:\/\/www.kanaren-virtuell.de\/news\/wp-json\/wp\/v2\/posts\/386","targetHints":{"allow":["GET"]}}],"collection":[{"href":"https:\/\/www.kanaren-virtuell.de\/news\/wp-json\/wp\/v2\/posts"}],"about":[{"href":"https:\/\/www.kanaren-virtuell.de\/news\/wp-json\/wp\/v2\/types\/post"}],"author":[{"embeddable":true,"href":"https:\/\/www.kanaren-virtuell.de\/news\/wp-json\/wp\/v2\/users\/1"}],"replies":[{"embeddable":true,"href":"https:\/\/www.kanaren-virtuell.de\/news\/wp-json\/wp\/v2\/comments?post=386"}],"version-history":[{"count":1,"href":"https:\/\/www.kanaren-virtuell.de\/news\/wp-json\/wp\/v2\/posts\/386\/revisions"}],"predecessor-version":[{"id":387,"href":"https:\/\/www.kanaren-virtuell.de\/news\/wp-json\/wp\/v2\/posts\/386\/revisions\/387"}],"wp:attachment":[{"href":"https:\/\/www.kanaren-virtuell.de\/news\/wp-json\/wp\/v2\/media?parent=386"}],"wp:term":[{"taxonomy":"category","embeddable":true,"href":"https:\/\/www.kanaren-virtuell.de\/news\/wp-json\/wp\/v2\/categories?post=386"},{"taxonomy":"post_tag","embeddable":true,"href":"https:\/\/www.kanaren-virtuell.de\/news\/wp-json\/wp\/v2\/tags?post=386"}],"curies":[{"name":"wp","href":"https:\/\/api.w.org\/{rel}","templated":true}]}}