{"id":3888,"date":"2018-02-21T16:31:07","date_gmt":"2018-02-21T14:31:07","guid":{"rendered":"http:\/\/www.kanaren-virtuell.de\/news\/?p=3888"},"modified":"2018-02-21T16:31:07","modified_gmt":"2018-02-21T14:31:07","slug":"la-gomera-erste-kunsthandwerksmesse-des-jahres","status":"publish","type":"post","link":"https:\/\/www.kanaren-virtuell.de\/news\/la-gomera-erste-kunsthandwerksmesse-des-jahres\/","title":{"rendered":"La Gomera &#8211; Erste Kunsthandwerksmesse des Jahres"},"content":{"rendered":"<p>All diejenigen, die einen entspannten Kanaren-Urlaub umgeben von reizvoller Natur erleben m\u00f6chten, sind auf La Gomera genau richtig. Neben erkundungsw\u00fcrdigen Landschaften h\u00e4lt die Insel auch immer wieder interessante Veranstaltungen bereit, die einen Besuch lohnen. So zum Beispiel auch die erste Kunsthandwerksmesse des Jahres 2018. <\/p>\n<p>Sie findet heute auf der Plaza de San Pedro in Valle Gran Rey statt. Mehr als 20 Aussteller pr\u00e4sentieren hier bis 21 Uhr ihre Werke. Zu sehen sind unter anderem Schmuck, Lederwaren, Stick- und H\u00e4kelarbeiten sowie Musikinstrumente. Auf der \u201eMuestra de Artesania\u201c kann man bestimmt sch\u00f6ne Mitbringsel aus dem Urlaub finden oder das eine oder andere Schn\u00e4ppchen machen. <\/p>\n","protected":false},"excerpt":{"rendered":"<p>All diejenigen, die einen entspannten Kanaren-Urlaub umgeben von reizvoller Natur erleben m\u00f6chten, sind auf La Gomera genau richtig. Neben erkundungsw\u00fcrdigen Landschaften h\u00e4lt die Insel auch immer wieder interessante Veranstaltungen bereit, die einen Besuch lohnen. So zum Beispiel auch die erste Kunsthandwerksmesse des Jahres 2018. Sie findet heute auf der Plaza de San Pedro in Valle [&hellip;]<\/p>\n","protected":false},"author":2,"featured_media":0,"comment_status":"closed","ping_status":"open","sticky":false,"template":"","format":"standard","meta":{"footnotes":""},"categories":[6,22],"tags":[],"class_list":["post-3888","post","type-post","status-publish","format-standard","hentry","category-la-gomera","category-veranstaltungen"],"_links":{"self":[{"href":"https:\/\/www.kanaren-virtuell.de\/news\/wp-json\/wp\/v2\/posts\/3888","targetHints":{"allow":["GET"]}}],"collection":[{"href":"https:\/\/www.kanaren-virtuell.de\/news\/wp-json\/wp\/v2\/posts"}],"about":[{"href":"https:\/\/www.kanaren-virtuell.de\/news\/wp-json\/wp\/v2\/types\/post"}],"author":[{"embeddable":true,"href":"https:\/\/www.kanaren-virtuell.de\/news\/wp-json\/wp\/v2\/users\/2"}],"replies":[{"embeddable":true,"href":"https:\/\/www.kanaren-virtuell.de\/news\/wp-json\/wp\/v2\/comments?post=3888"}],"version-history":[{"count":1,"href":"https:\/\/www.kanaren-virtuell.de\/news\/wp-json\/wp\/v2\/posts\/3888\/revisions"}],"predecessor-version":[{"id":3889,"href":"https:\/\/www.kanaren-virtuell.de\/news\/wp-json\/wp\/v2\/posts\/3888\/revisions\/3889"}],"wp:attachment":[{"href":"https:\/\/www.kanaren-virtuell.de\/news\/wp-json\/wp\/v2\/media?parent=3888"}],"wp:term":[{"taxonomy":"category","embeddable":true,"href":"https:\/\/www.kanaren-virtuell.de\/news\/wp-json\/wp\/v2\/categories?post=3888"},{"taxonomy":"post_tag","embeddable":true,"href":"https:\/\/www.kanaren-virtuell.de\/news\/wp-json\/wp\/v2\/tags?post=3888"}],"curies":[{"name":"wp","href":"https:\/\/api.w.org\/{rel}","templated":true}]}}