{"id":3915,"date":"2018-03-19T20:02:16","date_gmt":"2018-03-19T18:02:16","guid":{"rendered":"http:\/\/www.kanaren-virtuell.de\/news\/?p=3915"},"modified":"2018-03-19T20:02:16","modified_gmt":"2018-03-19T18:02:16","slug":"binter-sonderflugangebot-fuer-residenten","status":"publish","type":"post","link":"https:\/\/www.kanaren-virtuell.de\/news\/binter-sonderflugangebot-fuer-residenten\/","title":{"rendered":"Binter &#8211; Sonderflugangebot f\u00fcr Residenten"},"content":{"rendered":"<p>In der Regel verbringen Kanarenfans einige Wochen des Jahres auf ihrer Lieblingsinsel und gehen die restliche Zeit ihrem gewohnten Alltag nach. Es gibt aber auch viele, die sich jedes Jahr \u00fcber einen l\u00e4ngeren Zeitraum auf Gran Canaria, Teneriffa, Fuerteventura oder einer der anderen Kanareninseln aufhalten und vielleicht sogar zu den Residenten geh\u00f6ren. Diese k\u00f6nnen oftmals Vorteile nutzen, die ansonsten lediglich Einheimischen zur Verf\u00fcgung stehen. <\/p>\n<p>So zum Beispiel auch das aktuelle Sonderflugangebot der Fluggesellschaft Binter, das unter anderem Fl\u00fcge zwischen den Kanarischen Inseln ab einem Preis von 9,79 Euro umfasst. Die Fl\u00fcge k\u00f6nnen zwischen dem 19. und 25. M\u00e4rz 2018 auf bintercanarias.com gebucht werden. Reisezeit sind die Monate Mai und Juni 2018. <\/p>\n","protected":false},"excerpt":{"rendered":"<p>In der Regel verbringen Kanarenfans einige Wochen des Jahres auf ihrer Lieblingsinsel und gehen die restliche Zeit ihrem gewohnten Alltag nach. Es gibt aber auch viele, die sich jedes Jahr \u00fcber einen l\u00e4ngeren Zeitraum auf Gran Canaria, Teneriffa, Fuerteventura oder einer der anderen Kanareninseln aufhalten und vielleicht sogar zu den Residenten geh\u00f6ren. Diese k\u00f6nnen oftmals [&hellip;]<\/p>\n","protected":false},"author":2,"featured_media":0,"comment_status":"closed","ping_status":"open","sticky":false,"template":"","format":"standard","meta":{"footnotes":""},"categories":[9],"tags":[],"class_list":["post-3915","post","type-post","status-publish","format-standard","hentry","category-flug"],"_links":{"self":[{"href":"https:\/\/www.kanaren-virtuell.de\/news\/wp-json\/wp\/v2\/posts\/3915","targetHints":{"allow":["GET"]}}],"collection":[{"href":"https:\/\/www.kanaren-virtuell.de\/news\/wp-json\/wp\/v2\/posts"}],"about":[{"href":"https:\/\/www.kanaren-virtuell.de\/news\/wp-json\/wp\/v2\/types\/post"}],"author":[{"embeddable":true,"href":"https:\/\/www.kanaren-virtuell.de\/news\/wp-json\/wp\/v2\/users\/2"}],"replies":[{"embeddable":true,"href":"https:\/\/www.kanaren-virtuell.de\/news\/wp-json\/wp\/v2\/comments?post=3915"}],"version-history":[{"count":1,"href":"https:\/\/www.kanaren-virtuell.de\/news\/wp-json\/wp\/v2\/posts\/3915\/revisions"}],"predecessor-version":[{"id":3916,"href":"https:\/\/www.kanaren-virtuell.de\/news\/wp-json\/wp\/v2\/posts\/3915\/revisions\/3916"}],"wp:attachment":[{"href":"https:\/\/www.kanaren-virtuell.de\/news\/wp-json\/wp\/v2\/media?parent=3915"}],"wp:term":[{"taxonomy":"category","embeddable":true,"href":"https:\/\/www.kanaren-virtuell.de\/news\/wp-json\/wp\/v2\/categories?post=3915"},{"taxonomy":"post_tag","embeddable":true,"href":"https:\/\/www.kanaren-virtuell.de\/news\/wp-json\/wp\/v2\/tags?post=3915"}],"curies":[{"name":"wp","href":"https:\/\/api.w.org\/{rel}","templated":true}]}}