{"id":392,"date":"2010-02-19T16:48:37","date_gmt":"2010-02-19T14:48:37","guid":{"rendered":"http:\/\/www.kanaren-virtuell.de\/news\/?p=392"},"modified":"2013-10-15T16:49:08","modified_gmt":"2013-10-15T14:49:08","slug":"19-02-2010-die-kanaren-nach-dem-sturm","status":"publish","type":"post","link":"https:\/\/www.kanaren-virtuell.de\/news\/19-02-2010-die-kanaren-nach-dem-sturm\/","title":{"rendered":"19.02.2010: Die Kanaren nach dem Sturm"},"content":{"rendered":"<p>Das heftige Unwetter der letzten Tage zieht langsam von den Kanarischen Inseln weiter. In den letzten Tagen wurden die Kanaren vor allem von orkanartigen St\u00fcrmen mit Windspitzen \u00fcber 120 km\/h, starkem Regen und von bis zu 8 Meter hohen Wellen im Bereich des Archipels heimgesucht. Auf den Gipfeln der Berge von Teneriffa, La Palma und Gran Canaria fiel Schnee. Auf Teneriffa gab es einen Blackout der Stromversorgung. H\u00e4fen mu\u00dften gesperrt werden, Hafenanlagen wurden besch\u00e4digt, Plantagen f\u00fcr Obst- und Gem\u00fcseanbau wurden besch\u00e4digt. Mehrere Stra\u00dfen auf den Inseln wurden von Erdrutschen zerst\u00f6rt, B\u00e4ume st\u00fcrzten um. Der Flugverkehr zu den 3 kleinen Kanareninseln mu\u00dfte zeitweilig ausgesetzt werden. Auf Gran Canaria sind fast alle Stauseen zu 100% gef\u00fcllt und k\u00f6nnen kein Wasser mehr aufnehmen. Am heutigen Tage kann es an den K\u00fcsten weiterhin zu hohem Wellengang kommen.<\/p>\n","protected":false},"excerpt":{"rendered":"<p>Das heftige Unwetter der letzten Tage zieht langsam von den Kanarischen Inseln weiter. In den letzten Tagen wurden die Kanaren vor allem von orkanartigen St\u00fcrmen mit Windspitzen \u00fcber 120 km\/h, starkem Regen und von bis zu 8 Meter hohen Wellen im Bereich des Archipels heimgesucht. Auf den Gipfeln der Berge von Teneriffa, La Palma und [&hellip;]<\/p>\n","protected":false},"author":1,"featured_media":0,"comment_status":"open","ping_status":"open","sticky":false,"template":"","format":"standard","meta":{"footnotes":""},"categories":[11],"tags":[],"class_list":["post-392","post","type-post","status-publish","format-standard","hentry","category-wetter"],"_links":{"self":[{"href":"https:\/\/www.kanaren-virtuell.de\/news\/wp-json\/wp\/v2\/posts\/392","targetHints":{"allow":["GET"]}}],"collection":[{"href":"https:\/\/www.kanaren-virtuell.de\/news\/wp-json\/wp\/v2\/posts"}],"about":[{"href":"https:\/\/www.kanaren-virtuell.de\/news\/wp-json\/wp\/v2\/types\/post"}],"author":[{"embeddable":true,"href":"https:\/\/www.kanaren-virtuell.de\/news\/wp-json\/wp\/v2\/users\/1"}],"replies":[{"embeddable":true,"href":"https:\/\/www.kanaren-virtuell.de\/news\/wp-json\/wp\/v2\/comments?post=392"}],"version-history":[{"count":1,"href":"https:\/\/www.kanaren-virtuell.de\/news\/wp-json\/wp\/v2\/posts\/392\/revisions"}],"predecessor-version":[{"id":393,"href":"https:\/\/www.kanaren-virtuell.de\/news\/wp-json\/wp\/v2\/posts\/392\/revisions\/393"}],"wp:attachment":[{"href":"https:\/\/www.kanaren-virtuell.de\/news\/wp-json\/wp\/v2\/media?parent=392"}],"wp:term":[{"taxonomy":"category","embeddable":true,"href":"https:\/\/www.kanaren-virtuell.de\/news\/wp-json\/wp\/v2\/categories?post=392"},{"taxonomy":"post_tag","embeddable":true,"href":"https:\/\/www.kanaren-virtuell.de\/news\/wp-json\/wp\/v2\/tags?post=392"}],"curies":[{"name":"wp","href":"https:\/\/api.w.org\/{rel}","templated":true}]}}