{"id":3991,"date":"2018-06-20T18:29:17","date_gmt":"2018-06-20T16:29:17","guid":{"rendered":"http:\/\/www.kanaren-virtuell.de\/news\/?p=3991"},"modified":"2018-06-20T18:29:17","modified_gmt":"2018-06-20T16:29:17","slug":"sommersonnenwende-auf-den-kanaren","status":"publish","type":"post","link":"https:\/\/www.kanaren-virtuell.de\/news\/sommersonnenwende-auf-den-kanaren\/","title":{"rendered":"Sommersonnenwende auf den Kanaren"},"content":{"rendered":"<p>So wie es nach alter Tradition \u00fcblich ist, wird auch in diesem Sommer auf den Kanaren die \u201eNoche de San Juan\u201c gefeiert. In den gro\u00dfen K\u00fcstenorten der Inseln finden zahlreiche Veranstaltungen rund um die Johannisnacht zur Sommersonnenwende statt. In diesem Jahr f\u00e4llt die \u201eNoche de San Juan\u201c auf einen Samstag. Wer das gro\u00dfe Johannisfeuer bestaunen m\u00f6chte, sollte sich am Abend des 23. Juni auf den Weg an die K\u00fcste machen. <\/p>\n<p>Wer auf Gran Canaria Urlaub macht, kann die Johannisnacht am Las Canteras Strand in Las Palmas feiern. Teneriffa-Urlauber k\u00f6nnen an der Playa Jardin die Nacht zum Tag machen und sich unter das einheimische Volk mischen. Vielerorts gibt es Live-Musik und regionale Spezialit\u00e4ten, so dass f\u00fcr beste Unterhaltung gesorgt ist. <\/p>\n","protected":false},"excerpt":{"rendered":"<p>So wie es nach alter Tradition \u00fcblich ist, wird auch in diesem Sommer auf den Kanaren die \u201eNoche de San Juan\u201c gefeiert. In den gro\u00dfen K\u00fcstenorten der Inseln finden zahlreiche Veranstaltungen rund um die Johannisnacht zur Sommersonnenwende statt. In diesem Jahr f\u00e4llt die \u201eNoche de San Juan\u201c auf einen Samstag. Wer das gro\u00dfe Johannisfeuer bestaunen [&hellip;]<\/p>\n","protected":false},"author":2,"featured_media":0,"comment_status":"closed","ping_status":"open","sticky":false,"template":"","format":"standard","meta":{"footnotes":""},"categories":[22],"tags":[],"class_list":["post-3991","post","type-post","status-publish","format-standard","hentry","category-veranstaltungen"],"_links":{"self":[{"href":"https:\/\/www.kanaren-virtuell.de\/news\/wp-json\/wp\/v2\/posts\/3991","targetHints":{"allow":["GET"]}}],"collection":[{"href":"https:\/\/www.kanaren-virtuell.de\/news\/wp-json\/wp\/v2\/posts"}],"about":[{"href":"https:\/\/www.kanaren-virtuell.de\/news\/wp-json\/wp\/v2\/types\/post"}],"author":[{"embeddable":true,"href":"https:\/\/www.kanaren-virtuell.de\/news\/wp-json\/wp\/v2\/users\/2"}],"replies":[{"embeddable":true,"href":"https:\/\/www.kanaren-virtuell.de\/news\/wp-json\/wp\/v2\/comments?post=3991"}],"version-history":[{"count":1,"href":"https:\/\/www.kanaren-virtuell.de\/news\/wp-json\/wp\/v2\/posts\/3991\/revisions"}],"predecessor-version":[{"id":3992,"href":"https:\/\/www.kanaren-virtuell.de\/news\/wp-json\/wp\/v2\/posts\/3991\/revisions\/3992"}],"wp:attachment":[{"href":"https:\/\/www.kanaren-virtuell.de\/news\/wp-json\/wp\/v2\/media?parent=3991"}],"wp:term":[{"taxonomy":"category","embeddable":true,"href":"https:\/\/www.kanaren-virtuell.de\/news\/wp-json\/wp\/v2\/categories?post=3991"},{"taxonomy":"post_tag","embeddable":true,"href":"https:\/\/www.kanaren-virtuell.de\/news\/wp-json\/wp\/v2\/tags?post=3991"}],"curies":[{"name":"wp","href":"https:\/\/api.w.org\/{rel}","templated":true}]}}