{"id":402,"date":"2010-02-20T16:52:03","date_gmt":"2010-02-20T14:52:03","guid":{"rendered":"http:\/\/www.kanaren-virtuell.de\/news\/?p=402"},"modified":"2013-10-15T16:52:29","modified_gmt":"2013-10-15T14:52:29","slug":"nicht-schon-wieder","status":"publish","type":"post","link":"https:\/\/www.kanaren-virtuell.de\/news\/nicht-schon-wieder\/","title":{"rendered":"Nicht schon wieder !"},"content":{"rendered":"<p>Die Kanaren kommen nicht zur Ruhe. Auf La Palma wurde wieder vom staatlichen Wetterdienst AEMET die Alarmstufe Orange ausgerufen. Sturm bis 100 km\/h wird erwartet. Auch die H\u00f6henregionen Teneriffas werden wieder von St\u00fcrmen heimgesucht. Bleibt zu hoffen, dass dieses Unwetter nicht wieder so gravierende Folgen f\u00fcr die Kanarischen Inseln hat.<\/p>\n","protected":false},"excerpt":{"rendered":"<p>Die Kanaren kommen nicht zur Ruhe. Auf La Palma wurde wieder vom staatlichen Wetterdienst AEMET die Alarmstufe Orange ausgerufen. Sturm bis 100 km\/h wird erwartet. Auch die H\u00f6henregionen Teneriffas werden wieder von St\u00fcrmen heimgesucht. Bleibt zu hoffen, dass dieses Unwetter nicht wieder so gravierende Folgen f\u00fcr die Kanarischen Inseln hat.<\/p>\n","protected":false},"author":1,"featured_media":0,"comment_status":"open","ping_status":"open","sticky":false,"template":"","format":"standard","meta":{"footnotes":""},"categories":[11],"tags":[],"class_list":["post-402","post","type-post","status-publish","format-standard","hentry","category-wetter"],"_links":{"self":[{"href":"https:\/\/www.kanaren-virtuell.de\/news\/wp-json\/wp\/v2\/posts\/402","targetHints":{"allow":["GET"]}}],"collection":[{"href":"https:\/\/www.kanaren-virtuell.de\/news\/wp-json\/wp\/v2\/posts"}],"about":[{"href":"https:\/\/www.kanaren-virtuell.de\/news\/wp-json\/wp\/v2\/types\/post"}],"author":[{"embeddable":true,"href":"https:\/\/www.kanaren-virtuell.de\/news\/wp-json\/wp\/v2\/users\/1"}],"replies":[{"embeddable":true,"href":"https:\/\/www.kanaren-virtuell.de\/news\/wp-json\/wp\/v2\/comments?post=402"}],"version-history":[{"count":1,"href":"https:\/\/www.kanaren-virtuell.de\/news\/wp-json\/wp\/v2\/posts\/402\/revisions"}],"predecessor-version":[{"id":403,"href":"https:\/\/www.kanaren-virtuell.de\/news\/wp-json\/wp\/v2\/posts\/402\/revisions\/403"}],"wp:attachment":[{"href":"https:\/\/www.kanaren-virtuell.de\/news\/wp-json\/wp\/v2\/media?parent=402"}],"wp:term":[{"taxonomy":"category","embeddable":true,"href":"https:\/\/www.kanaren-virtuell.de\/news\/wp-json\/wp\/v2\/categories?post=402"},{"taxonomy":"post_tag","embeddable":true,"href":"https:\/\/www.kanaren-virtuell.de\/news\/wp-json\/wp\/v2\/tags?post=402"}],"curies":[{"name":"wp","href":"https:\/\/api.w.org\/{rel}","templated":true}]}}