{"id":4026,"date":"2018-10-04T15:04:02","date_gmt":"2018-10-04T13:04:02","guid":{"rendered":"http:\/\/www.kanaren-virtuell.de\/news\/?p=4026"},"modified":"2018-10-04T15:04:02","modified_gmt":"2018-10-04T13:04:02","slug":"la-gomera-laedt-zum-inselfest-bajada-de-la-virgen","status":"publish","type":"post","link":"https:\/\/www.kanaren-virtuell.de\/news\/la-gomera-laedt-zum-inselfest-bajada-de-la-virgen\/","title":{"rendered":"La Gomera l\u00e4dt zum Inselfest Bajada de la Virgen"},"content":{"rendered":"<p>Am 8. Oktober 2018, dem Montag nach dem ersten Sonntag im Oktober, nimmt das religi\u00f6se Inselfest Bajada de la Virgen auf der Kanareninsel La Gomera seinen Anfang. Es findet nur alle f\u00fcnf Jahre statt und erstreckt sich mit zahlreichen Veranstaltungen bis in den Dezember hinein. Auch Urlauber, die sich f\u00fcr das urspr\u00fcngliche Leben der Einheimischen interessieren, haben somit die Gelegenheit, an dem gro\u00dfen Fest zu Ehren der Schutzheiligen La Gomeras teilzuhaben. <\/p>\n<p>Zun\u00e4chst wird die Heiligenfigur im Rahmen einer Schiffsprozession von Puntallana aus mit einem Fischerboot nach San Sebastian gebracht. Ab dem 24. Oktober geht die Virgen de Guadalupe dann auf Wanderschaft von Gemeinde zu Gemeinde und wird dort jeweils mit einem gro\u00dfen Fest geehrt, bevor sie Mitte Dezember wieder nach Puntallana zur\u00fcckkehrt. <\/p>\n","protected":false},"excerpt":{"rendered":"<p>Am 8. Oktober 2018, dem Montag nach dem ersten Sonntag im Oktober, nimmt das religi\u00f6se Inselfest Bajada de la Virgen auf der Kanareninsel La Gomera seinen Anfang. Es findet nur alle f\u00fcnf Jahre statt und erstreckt sich mit zahlreichen Veranstaltungen bis in den Dezember hinein. Auch Urlauber, die sich f\u00fcr das urspr\u00fcngliche Leben der Einheimischen [&hellip;]<\/p>\n","protected":false},"author":2,"featured_media":0,"comment_status":"closed","ping_status":"open","sticky":false,"template":"","format":"standard","meta":{"footnotes":""},"categories":[6,22],"tags":[],"class_list":["post-4026","post","type-post","status-publish","format-standard","hentry","category-la-gomera","category-veranstaltungen"],"_links":{"self":[{"href":"https:\/\/www.kanaren-virtuell.de\/news\/wp-json\/wp\/v2\/posts\/4026","targetHints":{"allow":["GET"]}}],"collection":[{"href":"https:\/\/www.kanaren-virtuell.de\/news\/wp-json\/wp\/v2\/posts"}],"about":[{"href":"https:\/\/www.kanaren-virtuell.de\/news\/wp-json\/wp\/v2\/types\/post"}],"author":[{"embeddable":true,"href":"https:\/\/www.kanaren-virtuell.de\/news\/wp-json\/wp\/v2\/users\/2"}],"replies":[{"embeddable":true,"href":"https:\/\/www.kanaren-virtuell.de\/news\/wp-json\/wp\/v2\/comments?post=4026"}],"version-history":[{"count":1,"href":"https:\/\/www.kanaren-virtuell.de\/news\/wp-json\/wp\/v2\/posts\/4026\/revisions"}],"predecessor-version":[{"id":4027,"href":"https:\/\/www.kanaren-virtuell.de\/news\/wp-json\/wp\/v2\/posts\/4026\/revisions\/4027"}],"wp:attachment":[{"href":"https:\/\/www.kanaren-virtuell.de\/news\/wp-json\/wp\/v2\/media?parent=4026"}],"wp:term":[{"taxonomy":"category","embeddable":true,"href":"https:\/\/www.kanaren-virtuell.de\/news\/wp-json\/wp\/v2\/categories?post=4026"},{"taxonomy":"post_tag","embeddable":true,"href":"https:\/\/www.kanaren-virtuell.de\/news\/wp-json\/wp\/v2\/tags?post=4026"}],"curies":[{"name":"wp","href":"https:\/\/api.w.org\/{rel}","templated":true}]}}