{"id":4029,"date":"2018-10-24T18:12:00","date_gmt":"2018-10-24T16:12:00","guid":{"rendered":"http:\/\/www.kanaren-virtuell.de\/news\/?p=4029"},"modified":"2018-10-24T18:12:00","modified_gmt":"2018-10-24T16:12:00","slug":"auch-auf-den-kanaren-wird-es-ungemuetlich","status":"publish","type":"post","link":"https:\/\/www.kanaren-virtuell.de\/news\/auch-auf-den-kanaren-wird-es-ungemuetlich\/","title":{"rendered":"Auch auf den Kanaren wird es ungem\u00fctlich"},"content":{"rendered":"<p>Nicht nur in Mitteleuropa sind die Wetteraussichten nicht so erfreulich. F\u00fcr Teneriffa, Gran Canaria, Lanzarote und Fuerteventura wird f\u00fcr diesem Donnerstag eine Wetterwarnung wegen starken Regenf\u00e4llen herausgegeben. In zw\u00f6lf Stunden k\u00f6nnen bis zu 50 oder 60 Liter Regen pro Quadratmeter fallen. Auch mit st\u00fcrmischen Winden muss gerechnet werden.<\/p>\n","protected":false},"excerpt":{"rendered":"<p>Nicht nur in Mitteleuropa sind die Wetteraussichten nicht so erfreulich. F\u00fcr Teneriffa, Gran Canaria, Lanzarote und Fuerteventura wird f\u00fcr diesem Donnerstag eine Wetterwarnung wegen starken Regenf\u00e4llen herausgegeben. In zw\u00f6lf Stunden k\u00f6nnen bis zu 50 oder 60 Liter Regen pro Quadratmeter fallen. Auch mit st\u00fcrmischen Winden muss gerechnet werden.<\/p>\n","protected":false},"author":1,"featured_media":0,"comment_status":"closed","ping_status":"open","sticky":false,"template":"","format":"standard","meta":{"footnotes":""},"categories":[1,11],"tags":[],"class_list":["post-4029","post","type-post","status-publish","format-standard","hentry","category-allgemein","category-wetter"],"_links":{"self":[{"href":"https:\/\/www.kanaren-virtuell.de\/news\/wp-json\/wp\/v2\/posts\/4029","targetHints":{"allow":["GET"]}}],"collection":[{"href":"https:\/\/www.kanaren-virtuell.de\/news\/wp-json\/wp\/v2\/posts"}],"about":[{"href":"https:\/\/www.kanaren-virtuell.de\/news\/wp-json\/wp\/v2\/types\/post"}],"author":[{"embeddable":true,"href":"https:\/\/www.kanaren-virtuell.de\/news\/wp-json\/wp\/v2\/users\/1"}],"replies":[{"embeddable":true,"href":"https:\/\/www.kanaren-virtuell.de\/news\/wp-json\/wp\/v2\/comments?post=4029"}],"version-history":[{"count":1,"href":"https:\/\/www.kanaren-virtuell.de\/news\/wp-json\/wp\/v2\/posts\/4029\/revisions"}],"predecessor-version":[{"id":4030,"href":"https:\/\/www.kanaren-virtuell.de\/news\/wp-json\/wp\/v2\/posts\/4029\/revisions\/4030"}],"wp:attachment":[{"href":"https:\/\/www.kanaren-virtuell.de\/news\/wp-json\/wp\/v2\/media?parent=4029"}],"wp:term":[{"taxonomy":"category","embeddable":true,"href":"https:\/\/www.kanaren-virtuell.de\/news\/wp-json\/wp\/v2\/categories?post=4029"},{"taxonomy":"post_tag","embeddable":true,"href":"https:\/\/www.kanaren-virtuell.de\/news\/wp-json\/wp\/v2\/tags?post=4029"}],"curies":[{"name":"wp","href":"https:\/\/api.w.org\/{rel}","templated":true}]}}