{"id":4032,"date":"2019-01-12T13:35:48","date_gmt":"2019-01-12T11:35:48","guid":{"rendered":"http:\/\/www.kanaren-virtuell.de\/news\/?p=4032"},"modified":"2019-01-12T13:35:48","modified_gmt":"2019-01-12T11:35:48","slug":"karneval-teneriffa-2019","status":"publish","type":"post","link":"https:\/\/www.kanaren-virtuell.de\/news\/karneval-teneriffa-2019\/","title":{"rendered":"Karneval Teneriffa 2019"},"content":{"rendered":"<p><strong>Karneval in Santa Cruz 2019<\/strong><br \/>\nKarnevals-Motto: \u201eDie Tiefsee\u201c<\/p>\n<p>Freitag, 1. Februar: Er\u00f6ffnung des Karnevals (21.30 Uhr)<br \/>\nSonntag, 17. Februar:  Wahl der Kinderk\u00f6nigin von Santa Cruz<br \/>\nMittwoch, 20. Februar: Gala zur Wahl der Karnevalsk\u00f6nigin 2019<br \/>\nSamstag, 23. Februar: Wettbewerb der Tanzgruppen: \u201eComparsas\u201c<br \/>\nFreitag, 1. M\u00e4rz: Karnevals-Er\u00f6ffnungszug , Beginn des Karnevals auf der Stra\u00dfe<br \/>\nSonntag, 3. M\u00e4rz: \u201eCarnaval de D\u00eda\u201c \u2013 gro\u00dfes Karnevalsfest f\u00fcr die ganze Familie<br \/>\nMontag, 4. M\u00e4rz: Stra\u00dfenfest in Santa Cruz mit Musik und Tanz<br \/>\nDienstag, 5. M\u00e4rz: Gro\u00dfer Karnevalsumzug (Beginn gegen 16 Uhr)<br \/>\nAschermittwoch, 6. M\u00e4rz: Bestattung der Sardine (ab 21 Uhr)<br \/>\nSamstag, 9. M\u00e4rz: \u201eCarnaval de D\u00eda\u201c \u2013 gro\u00dfes Karnevalsfest f\u00fcr die ganze Familie<br \/>\nSonntag, 10. M\u00e4rz: Oldtimertreffen und Ende des Karneval in Santa Cruz<\/p>\n<p><strong>Karneval in Puerto de la Cruz 2019:<\/strong><br \/>\nSonntag, 24. Februar:  Wahl der Kinderk\u00f6nigin von Puerto de la Cruz<br \/>\nDonnerstag, 28. Februar: Wahl der Karnevalsk\u00f6nigin<br \/>\nSamstag, 2. M\u00e4rz: Karnevals-Er\u00f6ffnungszug , Beginn des Karnevals auf der Stra\u00dfe<br \/>\nSonntag, 3. M\u00e4rz: \u00d6ffentlicher Kost\u00fcmwettbewerb (Plaza del Charco)<br \/>\nMontag, 4. M\u00e4rz: Stra\u00dfenfest in Puerto de la Cruz mit Musik und Tanz<br \/>\nAschermittwoch, 6. M\u00e4rz: Gro\u00dfer Umzug zur Bestattung der Sardine (ab 21 Uhr).<br \/>\nIm Anschluss: Gro\u00dfes Feuerwerk und Verbrennung der Sardine.<br \/>\n23.30 Uhr: Gro\u00dfer Karnevalsball an der Plaza del Charco.<br \/>\nFreitag, 8. M\u00e4rz: St\u00f6ckelschuhlauf der M\u00e4nner (\u201eMascarita Ponte Tacon\u201c \/ \u201eTuntenlauf\u201c)<br \/>\n(ab 22 Uhr. Plaza del Charco).<br \/>\nSamstag, 9. M\u00e4rz: Gro\u00dfer Karnevalsumzug \u201eCorso\u201c (Beginn 16 Uhr)<br \/>\n20 Uhr: Gro\u00dfer Karnevalsball an der Plaza del Charco.<br \/>\nSonntag, 10. M\u00e4rz: Ende des Karnevals in Puerto de la Cruz.<\/p>\n","protected":false},"excerpt":{"rendered":"<p>Karneval in Santa Cruz 2019 Karnevals-Motto: \u201eDie Tiefsee\u201c Freitag, 1. Februar: Er\u00f6ffnung des Karnevals (21.30 Uhr) Sonntag, 17. Februar: Wahl der Kinderk\u00f6nigin von Santa Cruz Mittwoch, 20. Februar: Gala zur Wahl der Karnevalsk\u00f6nigin 2019 Samstag, 23. Februar: Wettbewerb der Tanzgruppen: \u201eComparsas\u201c Freitag, 1. M\u00e4rz: Karnevals-Er\u00f6ffnungszug , Beginn des Karnevals auf der Stra\u00dfe Sonntag, 3. M\u00e4rz: [&hellip;]<\/p>\n","protected":false},"author":1,"featured_media":0,"comment_status":"closed","ping_status":"open","sticky":false,"template":"","format":"standard","meta":{"footnotes":""},"categories":[1],"tags":[],"class_list":["post-4032","post","type-post","status-publish","format-standard","hentry","category-allgemein"],"_links":{"self":[{"href":"https:\/\/www.kanaren-virtuell.de\/news\/wp-json\/wp\/v2\/posts\/4032","targetHints":{"allow":["GET"]}}],"collection":[{"href":"https:\/\/www.kanaren-virtuell.de\/news\/wp-json\/wp\/v2\/posts"}],"about":[{"href":"https:\/\/www.kanaren-virtuell.de\/news\/wp-json\/wp\/v2\/types\/post"}],"author":[{"embeddable":true,"href":"https:\/\/www.kanaren-virtuell.de\/news\/wp-json\/wp\/v2\/users\/1"}],"replies":[{"embeddable":true,"href":"https:\/\/www.kanaren-virtuell.de\/news\/wp-json\/wp\/v2\/comments?post=4032"}],"version-history":[{"count":7,"href":"https:\/\/www.kanaren-virtuell.de\/news\/wp-json\/wp\/v2\/posts\/4032\/revisions"}],"predecessor-version":[{"id":4039,"href":"https:\/\/www.kanaren-virtuell.de\/news\/wp-json\/wp\/v2\/posts\/4032\/revisions\/4039"}],"wp:attachment":[{"href":"https:\/\/www.kanaren-virtuell.de\/news\/wp-json\/wp\/v2\/media?parent=4032"}],"wp:term":[{"taxonomy":"category","embeddable":true,"href":"https:\/\/www.kanaren-virtuell.de\/news\/wp-json\/wp\/v2\/categories?post=4032"},{"taxonomy":"post_tag","embeddable":true,"href":"https:\/\/www.kanaren-virtuell.de\/news\/wp-json\/wp\/v2\/tags?post=4032"}],"curies":[{"name":"wp","href":"https:\/\/api.w.org\/{rel}","templated":true}]}}