{"id":4073,"date":"2020-02-24T09:42:10","date_gmt":"2020-02-24T07:42:10","guid":{"rendered":"http:\/\/www.kanaren-virtuell.de\/news\/?p=4073"},"modified":"2020-02-24T09:42:12","modified_gmt":"2020-02-24T07:42:12","slug":"calima-mit-sandsturm","status":"publish","type":"post","link":"https:\/\/www.kanaren-virtuell.de\/news\/calima-mit-sandsturm\/","title":{"rendered":"Calima mit Sandsturm"},"content":{"rendered":"\n<p>Mehr als 800 Fl\u00fcge von und zu den Kanarischen Inseln sind in den letzten Tagen ausgefallen. Mehr als 12000 Flugg\u00e4ste sind betroffen. Mittlerweile nahmen die im Laufe den Tages gesperrten Flugh\u00e4fen ihren Betrieb schrittweise wieder auf. Am sp\u00e4ten Sonntagabend gab es nur in Teneriffa S\u00fcd noch Einschr\u00e4nkungen. Besonders Kreuzfahrtg\u00e4ste sind betroffen. Deren Maschinen mussten oft nach Portugal oder Marokko umgeleitet werden oder hoben erst gar nicht ab. Besonders AIDA ist mit dem G\u00e4stewechsel auf AIDAnova und AIDAstella betroffen. Die AIDAstella verl\u00e4ngert ihren Aufenthalt in Las Palmas de Gran Canaria deshalb bis Montag 12 Uhr. Verschiedene Fl\u00fcge, die G\u00e4ste f\u00fcr die AIDAnova zu den Kanaren bringen sollten, werden nun nach Funchal auf Madeira geleitet.<\/p>\n\n\n\n<p>Der Sturm vom afrikanischen Kontinent bringt mittlerweile nicht nur den orangefarbenen Staub auf die Kanaren, sondern auch Heuschrecken.<\/p>\n\n\n\n<p>Am gestrigen Sonntag waren die Kanarischen Inseln der am st\u00e4rksten verschmutzte Ort weltweit. Die Menschen leiden unter dem extremen Staub.<\/p>\n\n\n\n<p>Auf Teneriffa mussten am Sonntag in verschiedenen Gebieten im Norden insgesamt 1400 Menschen wegen Br\u00e4nden evakuiert werden. La Quinta, Las Candias, Icod el Alto und La Asomada sind betroffen. Im zu Santa Ursula geh\u00f6renden La Quinta mussten mehrere Hundert Einwohner und Hotelg\u00e4ste evakuiert werden. Auch in Puerto de la Cruz (San Antonio) m\u00fcssten 300 Einwohner vor\u00fcbergehend ihre H\u00e4user verlassen. Am Nachmittag konnten sie zur\u00fcckkehren.<\/p>\n","protected":false},"excerpt":{"rendered":"<p>Mehr als 800 Fl\u00fcge von und zu den Kanarischen Inseln sind in den letzten Tagen ausgefallen. Mehr als 12000 Flugg\u00e4ste sind betroffen. Mittlerweile nahmen die im Laufe den Tages gesperrten Flugh\u00e4fen ihren Betrieb schrittweise wieder auf. Am sp\u00e4ten Sonntagabend gab es nur in Teneriffa S\u00fcd noch Einschr\u00e4nkungen. Besonders Kreuzfahrtg\u00e4ste sind betroffen. Deren Maschinen mussten oft [&hellip;]<\/p>\n","protected":false},"author":1,"featured_media":0,"comment_status":"closed","ping_status":"open","sticky":false,"template":"","format":"standard","meta":{"footnotes":""},"categories":[1,9,11],"tags":[],"class_list":["post-4073","post","type-post","status-publish","format-standard","hentry","category-allgemein","category-flug","category-wetter"],"_links":{"self":[{"href":"https:\/\/www.kanaren-virtuell.de\/news\/wp-json\/wp\/v2\/posts\/4073","targetHints":{"allow":["GET"]}}],"collection":[{"href":"https:\/\/www.kanaren-virtuell.de\/news\/wp-json\/wp\/v2\/posts"}],"about":[{"href":"https:\/\/www.kanaren-virtuell.de\/news\/wp-json\/wp\/v2\/types\/post"}],"author":[{"embeddable":true,"href":"https:\/\/www.kanaren-virtuell.de\/news\/wp-json\/wp\/v2\/users\/1"}],"replies":[{"embeddable":true,"href":"https:\/\/www.kanaren-virtuell.de\/news\/wp-json\/wp\/v2\/comments?post=4073"}],"version-history":[{"count":4,"href":"https:\/\/www.kanaren-virtuell.de\/news\/wp-json\/wp\/v2\/posts\/4073\/revisions"}],"predecessor-version":[{"id":4077,"href":"https:\/\/www.kanaren-virtuell.de\/news\/wp-json\/wp\/v2\/posts\/4073\/revisions\/4077"}],"wp:attachment":[{"href":"https:\/\/www.kanaren-virtuell.de\/news\/wp-json\/wp\/v2\/media?parent=4073"}],"wp:term":[{"taxonomy":"category","embeddable":true,"href":"https:\/\/www.kanaren-virtuell.de\/news\/wp-json\/wp\/v2\/categories?post=4073"},{"taxonomy":"post_tag","embeddable":true,"href":"https:\/\/www.kanaren-virtuell.de\/news\/wp-json\/wp\/v2\/tags?post=4073"}],"curies":[{"name":"wp","href":"https:\/\/api.w.org\/{rel}","templated":true}]}}