{"id":4351,"date":"2023-01-27T15:57:30","date_gmt":"2023-01-27T13:57:30","guid":{"rendered":"http:\/\/www.kanaren-virtuell.de\/news\/?p=4351"},"modified":"2023-01-27T15:57:31","modified_gmt":"2023-01-27T13:57:31","slug":"wie-lange-wird-diese-kaelte-auf-den-kanarischen-inseln-anhalten","status":"publish","type":"post","link":"https:\/\/www.kanaren-virtuell.de\/news\/wie-lange-wird-diese-kaelte-auf-den-kanarischen-inseln-anhalten\/","title":{"rendered":"Wie lange wird diese K\u00e4lte auf den Kanarischen Inseln anhalten?"},"content":{"rendered":"\n<p>Aktuell stellt man sich auf den Kanarischen Inseln genau diese Frage. So kalt wie aktuell, ist es gew\u00f6hnlich im Januar nicht. Von 11 Grad in Arona auf Teneriffa reicht die Spanne bis zu 20 Grad in Fuerteventuras Hauptstadt Puerto del Rosario.<\/p>\n\n\n\n<p>Die au\u00dfergew\u00f6hnliche K\u00e4lte wird wohl noch bis zum Monatsende anhalten.<\/p>\n\n\n\n<p>Vor allem im Norden der Inseln Teneriffa, La Palma und Gran Canaria gibt es gelegentlich leichte Regenf\u00e4lle, welche sich morgen noch verst\u00e4rken sollen.<\/p>\n","protected":false},"excerpt":{"rendered":"<p>Aktuell stellt man sich auf den Kanarischen Inseln genau diese Frage. So kalt wie aktuell, ist es gew\u00f6hnlich im Januar nicht. Von 11 Grad in Arona auf Teneriffa reicht die Spanne bis zu 20 Grad in Fuerteventuras Hauptstadt Puerto del Rosario. Die au\u00dfergew\u00f6hnliche K\u00e4lte wird wohl noch bis zum Monatsende anhalten. Vor allem im Norden [&hellip;]<\/p>\n","protected":false},"author":1,"featured_media":0,"comment_status":"closed","ping_status":"open","sticky":false,"template":"","format":"standard","meta":{"footnotes":""},"categories":[11],"tags":[],"class_list":["post-4351","post","type-post","status-publish","format-standard","hentry","category-wetter"],"_links":{"self":[{"href":"https:\/\/www.kanaren-virtuell.de\/news\/wp-json\/wp\/v2\/posts\/4351","targetHints":{"allow":["GET"]}}],"collection":[{"href":"https:\/\/www.kanaren-virtuell.de\/news\/wp-json\/wp\/v2\/posts"}],"about":[{"href":"https:\/\/www.kanaren-virtuell.de\/news\/wp-json\/wp\/v2\/types\/post"}],"author":[{"embeddable":true,"href":"https:\/\/www.kanaren-virtuell.de\/news\/wp-json\/wp\/v2\/users\/1"}],"replies":[{"embeddable":true,"href":"https:\/\/www.kanaren-virtuell.de\/news\/wp-json\/wp\/v2\/comments?post=4351"}],"version-history":[{"count":1,"href":"https:\/\/www.kanaren-virtuell.de\/news\/wp-json\/wp\/v2\/posts\/4351\/revisions"}],"predecessor-version":[{"id":4352,"href":"https:\/\/www.kanaren-virtuell.de\/news\/wp-json\/wp\/v2\/posts\/4351\/revisions\/4352"}],"wp:attachment":[{"href":"https:\/\/www.kanaren-virtuell.de\/news\/wp-json\/wp\/v2\/media?parent=4351"}],"wp:term":[{"taxonomy":"category","embeddable":true,"href":"https:\/\/www.kanaren-virtuell.de\/news\/wp-json\/wp\/v2\/categories?post=4351"},{"taxonomy":"post_tag","embeddable":true,"href":"https:\/\/www.kanaren-virtuell.de\/news\/wp-json\/wp\/v2\/tags?post=4351"}],"curies":[{"name":"wp","href":"https:\/\/api.w.org\/{rel}","templated":true}]}}