{"id":4372,"date":"2023-07-15T17:56:43","date_gmt":"2023-07-15T15:56:43","guid":{"rendered":"https:\/\/www.kanaren-virtuell.de\/news\/?p=4372"},"modified":"2023-07-15T17:56:45","modified_gmt":"2023-07-15T15:56:45","slug":"waldbrand-auf-la-palma-3","status":"publish","type":"post","link":"https:\/\/www.kanaren-virtuell.de\/news\/waldbrand-auf-la-palma-3\/","title":{"rendered":"Waldbrand auf La Palma"},"content":{"rendered":"\n<p>Seit Sonnabend Morgen gibt es einen neuen Waldbrand auf der Kanareninsel La Palma. Bereits 2000 Hektar sind betroffen. Der Brand brach in der Gegend von El Pinar in der Gemeinde Puntagorda aus und hat mittlerweile den Nationalpark Caldera de Taburiente erreicht. Starke Windb\u00f6en tragen zur schnellen Ausbreitung der Flammen bei.  Seit 14 Uhr gibt es in der Gemeinde Tijarafe Evakuierungen der Bewohner.<\/p>\n\n\n\n<p>Zwei Wasserflugzeuge sind auf dem Weg nach La Palma, um die lokalen Beh\u00f6rden bei der Brandbek\u00e4mpfung zu unterst\u00fctzen.<\/p>\n\n\n\n<p><a href=\"https:\/\/rtvc.es\/incendio-forestal-puntagorda-la-palma\/\" target=\"_blank\" rel=\"noreferrer noopener\">El incendio forestal de Puntagorda afecta 2.000 hect\u00e1reas (rtvc.es)<\/a><\/p>\n","protected":false},"excerpt":{"rendered":"<p>Seit Sonnabend Morgen gibt es einen neuen Waldbrand auf der Kanareninsel La Palma. Bereits 2000 Hektar sind betroffen. Der Brand brach in der Gegend von El Pinar in der Gemeinde Puntagorda aus und hat mittlerweile den Nationalpark Caldera de Taburiente erreicht. Starke Windb\u00f6en tragen zur schnellen Ausbreitung der Flammen bei. Seit 14 Uhr gibt es [&hellip;]<\/p>\n","protected":false},"author":1,"featured_media":0,"comment_status":"closed","ping_status":"open","sticky":false,"template":"","format":"standard","meta":{"footnotes":""},"categories":[7],"tags":[],"class_list":["post-4372","post","type-post","status-publish","format-standard","hentry","category-la-palma"],"_links":{"self":[{"href":"https:\/\/www.kanaren-virtuell.de\/news\/wp-json\/wp\/v2\/posts\/4372","targetHints":{"allow":["GET"]}}],"collection":[{"href":"https:\/\/www.kanaren-virtuell.de\/news\/wp-json\/wp\/v2\/posts"}],"about":[{"href":"https:\/\/www.kanaren-virtuell.de\/news\/wp-json\/wp\/v2\/types\/post"}],"author":[{"embeddable":true,"href":"https:\/\/www.kanaren-virtuell.de\/news\/wp-json\/wp\/v2\/users\/1"}],"replies":[{"embeddable":true,"href":"https:\/\/www.kanaren-virtuell.de\/news\/wp-json\/wp\/v2\/comments?post=4372"}],"version-history":[{"count":1,"href":"https:\/\/www.kanaren-virtuell.de\/news\/wp-json\/wp\/v2\/posts\/4372\/revisions"}],"predecessor-version":[{"id":4373,"href":"https:\/\/www.kanaren-virtuell.de\/news\/wp-json\/wp\/v2\/posts\/4372\/revisions\/4373"}],"wp:attachment":[{"href":"https:\/\/www.kanaren-virtuell.de\/news\/wp-json\/wp\/v2\/media?parent=4372"}],"wp:term":[{"taxonomy":"category","embeddable":true,"href":"https:\/\/www.kanaren-virtuell.de\/news\/wp-json\/wp\/v2\/categories?post=4372"},{"taxonomy":"post_tag","embeddable":true,"href":"https:\/\/www.kanaren-virtuell.de\/news\/wp-json\/wp\/v2\/tags?post=4372"}],"curies":[{"name":"wp","href":"https:\/\/api.w.org\/{rel}","templated":true}]}}