{"id":44,"date":"2006-12-18T18:23:49","date_gmt":"2006-12-18T16:23:49","guid":{"rendered":"http:\/\/www.kanaren-virtuell.de\/news\/?p=44"},"modified":"2013-10-02T06:47:51","modified_gmt":"2013-10-02T04:47:51","slug":"neuer-hafen-in-puerto-de-la-cruz-auch-fuer-passagierschiffe","status":"publish","type":"post","link":"https:\/\/www.kanaren-virtuell.de\/news\/neuer-hafen-in-puerto-de-la-cruz-auch-fuer-passagierschiffe\/","title":{"rendered":"Neuer Hafen in Puerto de la Cruz auch f\u00fcr Passagierschiffe"},"content":{"rendered":"<p>Der neue Hafen von <a href=\u201dhttp:\/\/www.kanaren-virtuell.de\/teneriffa_2\/orte\/puerto.htm\u201d>Puerto de la Cruz<\/a>, dessen Bau 2007 beginnen und 60 Millionen Euro kosten wird, soll nun auch eine Anlegestelle f\u00fcr Passagier- und F\u00e4hrschiffe erhalten. Nachdem bei Lage der Hafeneinfahrt in \u00f6stlicher Richtung eine Beeintr\u00e4chtigung vor allem des Playa Jardin bef\u00fcrchtet wurde, soll jetzt die Hafen\u00f6ffnung in Richtung alter Fischerhafen zeigen.<br \/>\n (gelesen bei info canarias)<\/p>\n","protected":false},"excerpt":{"rendered":"<p>Der neue Hafen von Puerto de la Cruz, dessen Bau 2007 beginnen und 60 Millionen Euro kosten wird, soll nun auch eine Anlegestelle f\u00fcr Passagier- und F\u00e4hrschiffe erhalten. Nachdem bei Lage der Hafeneinfahrt in \u00f6stlicher Richtung eine Beeintr\u00e4chtigung vor allem des Playa Jardin bef\u00fcrchtet wurde, soll jetzt die Hafen\u00f6ffnung in Richtung alter Fischerhafen zeigen. (gelesen [&hellip;]<\/p>\n","protected":false},"author":1,"featured_media":0,"comment_status":"open","ping_status":"open","sticky":false,"template":"","format":"standard","meta":{"footnotes":""},"categories":[2],"tags":[],"class_list":["post-44","post","type-post","status-publish","format-standard","hentry","category-teneriffa"],"_links":{"self":[{"href":"https:\/\/www.kanaren-virtuell.de\/news\/wp-json\/wp\/v2\/posts\/44","targetHints":{"allow":["GET"]}}],"collection":[{"href":"https:\/\/www.kanaren-virtuell.de\/news\/wp-json\/wp\/v2\/posts"}],"about":[{"href":"https:\/\/www.kanaren-virtuell.de\/news\/wp-json\/wp\/v2\/types\/post"}],"author":[{"embeddable":true,"href":"https:\/\/www.kanaren-virtuell.de\/news\/wp-json\/wp\/v2\/users\/1"}],"replies":[{"embeddable":true,"href":"https:\/\/www.kanaren-virtuell.de\/news\/wp-json\/wp\/v2\/comments?post=44"}],"version-history":[{"count":2,"href":"https:\/\/www.kanaren-virtuell.de\/news\/wp-json\/wp\/v2\/posts\/44\/revisions"}],"predecessor-version":[{"id":54,"href":"https:\/\/www.kanaren-virtuell.de\/news\/wp-json\/wp\/v2\/posts\/44\/revisions\/54"}],"wp:attachment":[{"href":"https:\/\/www.kanaren-virtuell.de\/news\/wp-json\/wp\/v2\/media?parent=44"}],"wp:term":[{"taxonomy":"category","embeddable":true,"href":"https:\/\/www.kanaren-virtuell.de\/news\/wp-json\/wp\/v2\/categories?post=44"},{"taxonomy":"post_tag","embeddable":true,"href":"https:\/\/www.kanaren-virtuell.de\/news\/wp-json\/wp\/v2\/tags?post=44"}],"curies":[{"name":"wp","href":"https:\/\/api.w.org\/{rel}","templated":true}]}}