{"id":4445,"date":"2025-02-04T18:52:19","date_gmt":"2025-02-04T16:52:19","guid":{"rendered":"https:\/\/www.kanaren-virtuell.de\/news\/?p=4445"},"modified":"2025-02-04T18:52:19","modified_gmt":"2025-02-04T16:52:19","slug":"karneval-gran-canaria-2025-cabalgatas","status":"publish","type":"post","link":"https:\/\/www.kanaren-virtuell.de\/news\/karneval-gran-canaria-2025-cabalgatas\/","title":{"rendered":"Karneval Gran Canaria 2025 &#8211; cabalgatas"},"content":{"rendered":"\n<p>Als H\u00f6hepunkt des Karnevals in den jeweiligen Orten wird jeweils eine gro\u00dfe Karnevalsparade gefeiert. Es folgen einige Daten und Themen dazu: <\/p>\n\n\n\n<p>Las Palmas de Gran Canaria &#8211; 15. M\u00e4rz &#8211; Thema: Olympische Spiele<\/p>\n\n\n\n<p>Maspalomas &#8211; 29. M\u00e4rz &#8211; Thema: Liebe im mexikanischen Stil<\/p>\n\n\n\n<p>Telde &#8211; 22. M\u00e4rz &#8211; Thema: Manga-Welt<\/p>\n\n\n\n<p>Galdar &#8211; 1. M\u00e4rz &#8211; Thema: Altes \u00c4gypten<\/p>\n\n\n\n<p>Carrizal &#8211; 5. April &#8211; Thema: Happy 20s<\/p>\n\n\n\n<p>Ingenio &#8211; 5. M\u00e4rz &#8211; Thema: Weltraum<\/p>\n\n\n\n<p>Arguineguin &#8211; 1. M\u00e4rz &#8211; Thema: Olymp<\/p>\n","protected":false},"excerpt":{"rendered":"<p>Als H\u00f6hepunkt des Karnevals in den jeweiligen Orten wird jeweils eine gro\u00dfe Karnevalsparade gefeiert. Es folgen einige Daten und Themen dazu: Las Palmas de Gran Canaria &#8211; 15. M\u00e4rz &#8211; Thema: Olympische Spiele Maspalomas &#8211; 29. M\u00e4rz &#8211; Thema: Liebe im mexikanischen Stil Telde &#8211; 22. M\u00e4rz &#8211; Thema: Manga-Welt Galdar &#8211; 1. M\u00e4rz &#8211; [&hellip;]<\/p>\n","protected":false},"author":1,"featured_media":0,"comment_status":"closed","ping_status":"open","sticky":false,"template":"","format":"standard","meta":{"footnotes":""},"categories":[4,22],"tags":[145,67,66,92,146,144],"class_list":["post-4445","post","type-post","status-publish","format-standard","hentry","category-gran-canaria","category-veranstaltungen","tag-cabalgata","tag-carnaval","tag-karneval","tag-las-palmas","tag-maspalomas","tag-parade"],"_links":{"self":[{"href":"https:\/\/www.kanaren-virtuell.de\/news\/wp-json\/wp\/v2\/posts\/4445","targetHints":{"allow":["GET"]}}],"collection":[{"href":"https:\/\/www.kanaren-virtuell.de\/news\/wp-json\/wp\/v2\/posts"}],"about":[{"href":"https:\/\/www.kanaren-virtuell.de\/news\/wp-json\/wp\/v2\/types\/post"}],"author":[{"embeddable":true,"href":"https:\/\/www.kanaren-virtuell.de\/news\/wp-json\/wp\/v2\/users\/1"}],"replies":[{"embeddable":true,"href":"https:\/\/www.kanaren-virtuell.de\/news\/wp-json\/wp\/v2\/comments?post=4445"}],"version-history":[{"count":1,"href":"https:\/\/www.kanaren-virtuell.de\/news\/wp-json\/wp\/v2\/posts\/4445\/revisions"}],"predecessor-version":[{"id":4446,"href":"https:\/\/www.kanaren-virtuell.de\/news\/wp-json\/wp\/v2\/posts\/4445\/revisions\/4446"}],"wp:attachment":[{"href":"https:\/\/www.kanaren-virtuell.de\/news\/wp-json\/wp\/v2\/media?parent=4445"}],"wp:term":[{"taxonomy":"category","embeddable":true,"href":"https:\/\/www.kanaren-virtuell.de\/news\/wp-json\/wp\/v2\/categories?post=4445"},{"taxonomy":"post_tag","embeddable":true,"href":"https:\/\/www.kanaren-virtuell.de\/news\/wp-json\/wp\/v2\/tags?post=4445"}],"curies":[{"name":"wp","href":"https:\/\/api.w.org\/{rel}","templated":true}]}}