{"id":467,"date":"2010-03-21T17:22:55","date_gmt":"2010-03-21T15:22:55","guid":{"rendered":"http:\/\/www.kanaren-virtuell.de\/news\/?p=467"},"modified":"2013-10-15T18:45:21","modified_gmt":"2013-10-15T16:45:21","slug":"blues-rhythmen-auf-fuerteventura","status":"publish","type":"post","link":"https:\/\/www.kanaren-virtuell.de\/news\/blues-rhythmen-auf-fuerteventura\/","title":{"rendered":"Blues-Rhythmen auf Fuerteventura"},"content":{"rendered":"<p>In Fuerteventuras Ortschaft <a href=\"http:\/\/www.kanaren-virtuell.de\/fuerteventura\/corralejo.htm\">Corralejo<\/a> findet noch bis zum 27. M\u00e4rz 2010 das Internationale Blues-Festival statt. Bereits zum f\u00fcnften Mal sorgt das musikalische Spektakel f\u00fcr gro\u00dfe Begeisterung bei Einheimischen und Touristen gleicherma\u00dfen. Namhafte K\u00fcnstler aus der Blues-Szene, wie zum Beispiel \u201eThe Blues Riders\u201c und \u201eMurphy B Good\u201c, lassen bei besten Blues-Kl\u00e4ngen die Herzen eingefleischter Musikfreude h\u00f6herschlagen. <\/p>\n<p>Die Veranstaltungsorte sind unter anderem das Einkaufszentrum El Canpanario, das Centro Corralejo und das Auditorio Municipal Corralejo. Urlauber haben aber auch die M\u00f6glichkeit, lokalen K\u00fcnstlern aus der Blues-Szene beispielsweise am 26. M\u00e4rz in der Altstadt beim Stra\u00dfenblues zu lauschen. Auch an der Plaza Patricio Calero kann man am 27. M\u00e4rz bis in den sp\u00e4ten Abend zum Klang allerbester Blues-Rhythmen gesellig beisammen sein. <\/p>\n","protected":false},"excerpt":{"rendered":"<p>In Fuerteventuras Ortschaft Corralejo findet noch bis zum 27. M\u00e4rz 2010 das Internationale Blues-Festival statt. Bereits zum f\u00fcnften Mal sorgt das musikalische Spektakel f\u00fcr gro\u00dfe Begeisterung bei Einheimischen und Touristen gleicherma\u00dfen. Namhafte K\u00fcnstler aus der Blues-Szene, wie zum Beispiel \u201eThe Blues Riders\u201c und \u201eMurphy B Good\u201c, lassen bei besten Blues-Kl\u00e4ngen die Herzen eingefleischter Musikfreude h\u00f6herschlagen. [&hellip;]<\/p>\n","protected":false},"author":2,"featured_media":0,"comment_status":"open","ping_status":"open","sticky":false,"template":"","format":"standard","meta":{"footnotes":""},"categories":[5],"tags":[],"class_list":["post-467","post","type-post","status-publish","format-standard","hentry","category-fuertevenura"],"_links":{"self":[{"href":"https:\/\/www.kanaren-virtuell.de\/news\/wp-json\/wp\/v2\/posts\/467","targetHints":{"allow":["GET"]}}],"collection":[{"href":"https:\/\/www.kanaren-virtuell.de\/news\/wp-json\/wp\/v2\/posts"}],"about":[{"href":"https:\/\/www.kanaren-virtuell.de\/news\/wp-json\/wp\/v2\/types\/post"}],"author":[{"embeddable":true,"href":"https:\/\/www.kanaren-virtuell.de\/news\/wp-json\/wp\/v2\/users\/2"}],"replies":[{"embeddable":true,"href":"https:\/\/www.kanaren-virtuell.de\/news\/wp-json\/wp\/v2\/comments?post=467"}],"version-history":[{"count":1,"href":"https:\/\/www.kanaren-virtuell.de\/news\/wp-json\/wp\/v2\/posts\/467\/revisions"}],"predecessor-version":[{"id":468,"href":"https:\/\/www.kanaren-virtuell.de\/news\/wp-json\/wp\/v2\/posts\/467\/revisions\/468"}],"wp:attachment":[{"href":"https:\/\/www.kanaren-virtuell.de\/news\/wp-json\/wp\/v2\/media?parent=467"}],"wp:term":[{"taxonomy":"category","embeddable":true,"href":"https:\/\/www.kanaren-virtuell.de\/news\/wp-json\/wp\/v2\/categories?post=467"},{"taxonomy":"post_tag","embeddable":true,"href":"https:\/\/www.kanaren-virtuell.de\/news\/wp-json\/wp\/v2\/tags?post=467"}],"curies":[{"name":"wp","href":"https:\/\/api.w.org\/{rel}","templated":true}]}}