{"id":477,"date":"2010-03-25T17:28:11","date_gmt":"2010-03-25T15:28:11","guid":{"rendered":"http:\/\/www.kanaren-virtuell.de\/news\/?p=477"},"modified":"2013-10-15T17:28:38","modified_gmt":"2013-10-15T15:28:38","slug":"blackout-stromausfall-auf-lanzarote","status":"publish","type":"post","link":"https:\/\/www.kanaren-virtuell.de\/news\/blackout-stromausfall-auf-lanzarote\/","title":{"rendered":"Blackout: Stromausfall auf Lanzarote"},"content":{"rendered":"<p>Nach Teneriffa traf es nun auch <a href=\"http:\/\/www.kanaren-virtuell.de\/lanzarote\/\">Lanzarote<\/a>. Ein totaler Stromausfall auf fast der gesamten Insel legte f\u00fcr 2 Stunden die Ferieninsel lahm. Eine Panne beim Stromversorger Endessa im Elektrizit\u00e4tswerk bei <a href=\"http:\/\/www.kanaren-virtuell.de\/lanzarote\/arrecife.htm\">Arrecife<\/a> war die Ursache. Nur einige Orte im S\u00fcden Lanzarotes waren nicht betroffen. Auf dem Flughafen gab es Dank Notstromversorgung zu keinen St\u00f6rungen.<\/p>\n","protected":false},"excerpt":{"rendered":"<p>Nach Teneriffa traf es nun auch Lanzarote. Ein totaler Stromausfall auf fast der gesamten Insel legte f\u00fcr 2 Stunden die Ferieninsel lahm. Eine Panne beim Stromversorger Endessa im Elektrizit\u00e4tswerk bei Arrecife war die Ursache. Nur einige Orte im S\u00fcden Lanzarotes waren nicht betroffen. Auf dem Flughafen gab es Dank Notstromversorgung zu keinen St\u00f6rungen.<\/p>\n","protected":false},"author":1,"featured_media":0,"comment_status":"open","ping_status":"open","sticky":false,"template":"","format":"standard","meta":{"footnotes":""},"categories":[3],"tags":[],"class_list":["post-477","post","type-post","status-publish","format-standard","hentry","category-lanzarote"],"_links":{"self":[{"href":"https:\/\/www.kanaren-virtuell.de\/news\/wp-json\/wp\/v2\/posts\/477","targetHints":{"allow":["GET"]}}],"collection":[{"href":"https:\/\/www.kanaren-virtuell.de\/news\/wp-json\/wp\/v2\/posts"}],"about":[{"href":"https:\/\/www.kanaren-virtuell.de\/news\/wp-json\/wp\/v2\/types\/post"}],"author":[{"embeddable":true,"href":"https:\/\/www.kanaren-virtuell.de\/news\/wp-json\/wp\/v2\/users\/1"}],"replies":[{"embeddable":true,"href":"https:\/\/www.kanaren-virtuell.de\/news\/wp-json\/wp\/v2\/comments?post=477"}],"version-history":[{"count":1,"href":"https:\/\/www.kanaren-virtuell.de\/news\/wp-json\/wp\/v2\/posts\/477\/revisions"}],"predecessor-version":[{"id":478,"href":"https:\/\/www.kanaren-virtuell.de\/news\/wp-json\/wp\/v2\/posts\/477\/revisions\/478"}],"wp:attachment":[{"href":"https:\/\/www.kanaren-virtuell.de\/news\/wp-json\/wp\/v2\/media?parent=477"}],"wp:term":[{"taxonomy":"category","embeddable":true,"href":"https:\/\/www.kanaren-virtuell.de\/news\/wp-json\/wp\/v2\/categories?post=477"},{"taxonomy":"post_tag","embeddable":true,"href":"https:\/\/www.kanaren-virtuell.de\/news\/wp-json\/wp\/v2\/tags?post=477"}],"curies":[{"name":"wp","href":"https:\/\/api.w.org\/{rel}","templated":true}]}}