{"id":515,"date":"2010-04-17T17:46:11","date_gmt":"2010-04-17T15:46:11","guid":{"rendered":"http:\/\/www.kanaren-virtuell.de\/news\/?p=515"},"modified":"2013-10-15T17:46:32","modified_gmt":"2013-10-15T15:46:32","slug":"flugpassagiere-sitzen-wegen-aschewolke-fest","status":"publish","type":"post","link":"https:\/\/www.kanaren-virtuell.de\/news\/flugpassagiere-sitzen-wegen-aschewolke-fest\/","title":{"rendered":"Flugpassagiere sitzen wegen Aschewolke fest"},"content":{"rendered":"<p>Am gestrigen Freitag fielen insgesamt 271 Fl\u00fcge zu und von den Kanarischen Inseln wegen der Aschewolke des Gletschervulkan Eyjafjalla (Island) aus. Etwa 23000 Passagiere, die H\u00e4lfte davon auf Teneriffa, sa\u00dfen wegen des gesperrten Luftraum \u00fcber Nord- und Mitteleuropa auf den Kanaren fest. Auch am heutigen Sonnabend wird sich die Lage nicht wesentlich bessern, da gro\u00dfe Teile des Luftraums \u00fcber Europa weiterhin gesperrt sind.<\/p>\n","protected":false},"excerpt":{"rendered":"<p>Am gestrigen Freitag fielen insgesamt 271 Fl\u00fcge zu und von den Kanarischen Inseln wegen der Aschewolke des Gletschervulkan Eyjafjalla (Island) aus. Etwa 23000 Passagiere, die H\u00e4lfte davon auf Teneriffa, sa\u00dfen wegen des gesperrten Luftraum \u00fcber Nord- und Mitteleuropa auf den Kanaren fest. Auch am heutigen Sonnabend wird sich die Lage nicht wesentlich bessern, da gro\u00dfe [&hellip;]<\/p>\n","protected":false},"author":1,"featured_media":0,"comment_status":"open","ping_status":"open","sticky":false,"template":"","format":"standard","meta":{"footnotes":""},"categories":[9],"tags":[],"class_list":["post-515","post","type-post","status-publish","format-standard","hentry","category-flug"],"_links":{"self":[{"href":"https:\/\/www.kanaren-virtuell.de\/news\/wp-json\/wp\/v2\/posts\/515","targetHints":{"allow":["GET"]}}],"collection":[{"href":"https:\/\/www.kanaren-virtuell.de\/news\/wp-json\/wp\/v2\/posts"}],"about":[{"href":"https:\/\/www.kanaren-virtuell.de\/news\/wp-json\/wp\/v2\/types\/post"}],"author":[{"embeddable":true,"href":"https:\/\/www.kanaren-virtuell.de\/news\/wp-json\/wp\/v2\/users\/1"}],"replies":[{"embeddable":true,"href":"https:\/\/www.kanaren-virtuell.de\/news\/wp-json\/wp\/v2\/comments?post=515"}],"version-history":[{"count":1,"href":"https:\/\/www.kanaren-virtuell.de\/news\/wp-json\/wp\/v2\/posts\/515\/revisions"}],"predecessor-version":[{"id":516,"href":"https:\/\/www.kanaren-virtuell.de\/news\/wp-json\/wp\/v2\/posts\/515\/revisions\/516"}],"wp:attachment":[{"href":"https:\/\/www.kanaren-virtuell.de\/news\/wp-json\/wp\/v2\/media?parent=515"}],"wp:term":[{"taxonomy":"category","embeddable":true,"href":"https:\/\/www.kanaren-virtuell.de\/news\/wp-json\/wp\/v2\/categories?post=515"},{"taxonomy":"post_tag","embeddable":true,"href":"https:\/\/www.kanaren-virtuell.de\/news\/wp-json\/wp\/v2\/tags?post=515"}],"curies":[{"name":"wp","href":"https:\/\/api.w.org\/{rel}","templated":true}]}}