{"id":527,"date":"2010-04-28T17:49:37","date_gmt":"2010-04-28T15:49:37","guid":{"rendered":"http:\/\/www.kanaren-virtuell.de\/news\/?p=527"},"modified":"2013-10-15T18:40:06","modified_gmt":"2013-10-15T16:40:06","slug":"teneriffa-pflanzen-blumen-und-kunsthandwerksausstellung-in-santa-cruz","status":"publish","type":"post","link":"https:\/\/www.kanaren-virtuell.de\/news\/teneriffa-pflanzen-blumen-und-kunsthandwerksausstellung-in-santa-cruz\/","title":{"rendered":"Teneriffa \u2013 Pflanzen-, Blumen- und Kunsthandwerksausstellung in Santa Cruz"},"content":{"rendered":"<p>Urlauber, die sich gerne einen Einblick in die tiefverwurzelte Kultur der kanarischen Inseln verschaffen m\u00f6chten und auch von der hiesigen Blumen- und Pflanzenwelt fasziniert sind, kommen zwischen dem 29. April und 4. Mai 2010 in <a href=\"http:\/\/www.kanaren-virtuell.de\/teneriffa_2\/orte\/santa.htm\">Teneriffas Hauptstadt<\/a> voll auf ihre Kosten. Denn dann findet in Santa Cruz die allj\u00e4hrliche Pflanzen-, Blumen- und Kunsthandwerksausstellung \u201eExposicion Regional de Flores, Plantas y Artesania Tradicional Canaria\u201c statt, deren Besuch sich auf jeden Fall lohnt. <\/p>\n<p>An zahlreichen St\u00e4nden kann sich der Besucher von der artenreichen Bl\u00fctenpracht der Kanaren \u00fcberzeugen und gleichzeitig traditionellen Kunsthandwerkern bei ihrer Arbeit \u00fcber die Schulter schauen. Von kanarischer Folklore begleitet, verspricht ein Besuch der Ausstellung unterhaltsame Stunden in duftender Kulisse. <\/p>\n","protected":false},"excerpt":{"rendered":"<p>Urlauber, die sich gerne einen Einblick in die tiefverwurzelte Kultur der kanarischen Inseln verschaffen m\u00f6chten und auch von der hiesigen Blumen- und Pflanzenwelt fasziniert sind, kommen zwischen dem 29. April und 4. Mai 2010 in Teneriffas Hauptstadt voll auf ihre Kosten. Denn dann findet in Santa Cruz die allj\u00e4hrliche Pflanzen-, Blumen- und Kunsthandwerksausstellung \u201eExposicion Regional [&hellip;]<\/p>\n","protected":false},"author":2,"featured_media":0,"comment_status":"open","ping_status":"open","sticky":false,"template":"","format":"standard","meta":{"footnotes":""},"categories":[2],"tags":[],"class_list":["post-527","post","type-post","status-publish","format-standard","hentry","category-teneriffa"],"_links":{"self":[{"href":"https:\/\/www.kanaren-virtuell.de\/news\/wp-json\/wp\/v2\/posts\/527","targetHints":{"allow":["GET"]}}],"collection":[{"href":"https:\/\/www.kanaren-virtuell.de\/news\/wp-json\/wp\/v2\/posts"}],"about":[{"href":"https:\/\/www.kanaren-virtuell.de\/news\/wp-json\/wp\/v2\/types\/post"}],"author":[{"embeddable":true,"href":"https:\/\/www.kanaren-virtuell.de\/news\/wp-json\/wp\/v2\/users\/2"}],"replies":[{"embeddable":true,"href":"https:\/\/www.kanaren-virtuell.de\/news\/wp-json\/wp\/v2\/comments?post=527"}],"version-history":[{"count":1,"href":"https:\/\/www.kanaren-virtuell.de\/news\/wp-json\/wp\/v2\/posts\/527\/revisions"}],"predecessor-version":[{"id":528,"href":"https:\/\/www.kanaren-virtuell.de\/news\/wp-json\/wp\/v2\/posts\/527\/revisions\/528"}],"wp:attachment":[{"href":"https:\/\/www.kanaren-virtuell.de\/news\/wp-json\/wp\/v2\/media?parent=527"}],"wp:term":[{"taxonomy":"category","embeddable":true,"href":"https:\/\/www.kanaren-virtuell.de\/news\/wp-json\/wp\/v2\/categories?post=527"},{"taxonomy":"post_tag","embeddable":true,"href":"https:\/\/www.kanaren-virtuell.de\/news\/wp-json\/wp\/v2\/tags?post=527"}],"curies":[{"name":"wp","href":"https:\/\/api.w.org\/{rel}","templated":true}]}}