{"id":577,"date":"2010-06-22T18:30:22","date_gmt":"2010-06-22T16:30:22","guid":{"rendered":"http:\/\/www.kanaren-virtuell.de\/news\/?p=577"},"modified":"2013-10-15T18:31:00","modified_gmt":"2013-10-15T16:31:00","slug":"vega-de-rio-palmas-idyllisches-bergdorf-auf-fuerteventura","status":"publish","type":"post","link":"https:\/\/www.kanaren-virtuell.de\/news\/vega-de-rio-palmas-idyllisches-bergdorf-auf-fuerteventura\/","title":{"rendered":"Vega de Rio Palmas \u2013 Idyllisches Bergdorf auf Fuerteventura"},"content":{"rendered":"<p>Das kleine Dorf Vega de Rio Palmas liegt an der Westk\u00fcste Fuerteventuras in einem wundersch\u00f6nen Tal, das den gleichen Namen tr\u00e4gt. Zahlreiche Palmen und bunte Terrassenfelder, auf denen verschiedenste Gem\u00fcsesorten angebaut werden, bilden von Bergen umgeben einen echten Blickfang. Das Tal der Palmen z\u00e4hlt zu den sch\u00f6nsten Pl\u00e4tzen der Insel und ist auf jeden Fall einen Ausflug wert. <\/p>\n<p>Am Ende des Tals gibt es einen kleinen Stausee, den Embaise de las Penitas, der fr\u00fcher einmal als Wasserreservoir diente, heute jedoch nur noch mit Sand gef\u00fcllt ist. Im Dorf, inmitten einer reizvollen Palmenoase, finden Kulturinteressierte mit der Wallfahrtskirche Nuestra Senora de la Pena ein lohnendes Besichtigungsobjekt. Sehenswert sind auch die kleinen, sandsteinfarbenen und wei\u00dfen H\u00e4user, die zwischen die bebauten Felder gebaut wurden. <\/p>\n","protected":false},"excerpt":{"rendered":"<p>Das kleine Dorf Vega de Rio Palmas liegt an der Westk\u00fcste Fuerteventuras in einem wundersch\u00f6nen Tal, das den gleichen Namen tr\u00e4gt. Zahlreiche Palmen und bunte Terrassenfelder, auf denen verschiedenste Gem\u00fcsesorten angebaut werden, bilden von Bergen umgeben einen echten Blickfang. Das Tal der Palmen z\u00e4hlt zu den sch\u00f6nsten Pl\u00e4tzen der Insel und ist auf jeden Fall [&hellip;]<\/p>\n","protected":false},"author":2,"featured_media":0,"comment_status":"open","ping_status":"open","sticky":false,"template":"","format":"standard","meta":{"footnotes":""},"categories":[5],"tags":[],"class_list":["post-577","post","type-post","status-publish","format-standard","hentry","category-fuertevenura"],"_links":{"self":[{"href":"https:\/\/www.kanaren-virtuell.de\/news\/wp-json\/wp\/v2\/posts\/577","targetHints":{"allow":["GET"]}}],"collection":[{"href":"https:\/\/www.kanaren-virtuell.de\/news\/wp-json\/wp\/v2\/posts"}],"about":[{"href":"https:\/\/www.kanaren-virtuell.de\/news\/wp-json\/wp\/v2\/types\/post"}],"author":[{"embeddable":true,"href":"https:\/\/www.kanaren-virtuell.de\/news\/wp-json\/wp\/v2\/users\/2"}],"replies":[{"embeddable":true,"href":"https:\/\/www.kanaren-virtuell.de\/news\/wp-json\/wp\/v2\/comments?post=577"}],"version-history":[{"count":1,"href":"https:\/\/www.kanaren-virtuell.de\/news\/wp-json\/wp\/v2\/posts\/577\/revisions"}],"predecessor-version":[{"id":578,"href":"https:\/\/www.kanaren-virtuell.de\/news\/wp-json\/wp\/v2\/posts\/577\/revisions\/578"}],"wp:attachment":[{"href":"https:\/\/www.kanaren-virtuell.de\/news\/wp-json\/wp\/v2\/media?parent=577"}],"wp:term":[{"taxonomy":"category","embeddable":true,"href":"https:\/\/www.kanaren-virtuell.de\/news\/wp-json\/wp\/v2\/categories?post=577"},{"taxonomy":"post_tag","embeddable":true,"href":"https:\/\/www.kanaren-virtuell.de\/news\/wp-json\/wp\/v2\/tags?post=577"}],"curies":[{"name":"wp","href":"https:\/\/api.w.org\/{rel}","templated":true}]}}