{"id":6,"date":"2005-12-23T17:55:34","date_gmt":"2005-12-23T15:55:34","guid":{"rendered":"http:\/\/www.kanaren-virtuell.de\/news\/?p=6"},"modified":"2013-09-30T18:10:09","modified_gmt":"2013-09-30T16:10:09","slug":"20-12-2005-mal-wieder-viel-wasser-von-oben","status":"publish","type":"post","link":"https:\/\/www.kanaren-virtuell.de\/news\/20-12-2005-mal-wieder-viel-wasser-von-oben\/","title":{"rendered":"20.12.2005: Mal wieder viel Wasser von oben"},"content":{"rendered":"<p>Sturm und ergiebige Regenf\u00e4lle sorgten f\u00fcr Chaos auf den Inseln Teneriffa und Gran Canaria. Auf Teneriffa wurde eine Frau bei Fa\u00f1abe Alto durch Wassermassen in einem \u00fcberflutete Barranco get\u00f6tet. Auf Gran Canaria gab es massive Verkehrsbehinderungen vor allem im Ayagaures-Tal und auf den Zufahrten zu den h\u00f6herpreisigen Wohnsiedlungen Monte Le\u00f3n und Monta\u00f1a la Data. Auch im Bergland waren Stra\u00dfen gesperrt.<\/p>\n","protected":false},"excerpt":{"rendered":"<p>Sturm und ergiebige Regenf\u00e4lle sorgten f\u00fcr Chaos auf den Inseln Teneriffa und Gran Canaria. Auf Teneriffa wurde eine Frau bei Fa\u00f1abe Alto durch Wassermassen in einem \u00fcberflutete Barranco get\u00f6tet. Auf Gran Canaria gab es massive Verkehrsbehinderungen vor allem im Ayagaures-Tal und auf den Zufahrten zu den h\u00f6herpreisigen Wohnsiedlungen Monte Le\u00f3n und Monta\u00f1a la Data. Auch [&hellip;]<\/p>\n","protected":false},"author":1,"featured_media":0,"comment_status":"open","ping_status":"open","sticky":false,"template":"","format":"standard","meta":{"footnotes":""},"categories":[11],"tags":[13,12],"class_list":["post-6","post","type-post","status-publish","format-standard","hentry","category-wetter","tag-klima","tag-wetter-2"],"_links":{"self":[{"href":"https:\/\/www.kanaren-virtuell.de\/news\/wp-json\/wp\/v2\/posts\/6","targetHints":{"allow":["GET"]}}],"collection":[{"href":"https:\/\/www.kanaren-virtuell.de\/news\/wp-json\/wp\/v2\/posts"}],"about":[{"href":"https:\/\/www.kanaren-virtuell.de\/news\/wp-json\/wp\/v2\/types\/post"}],"author":[{"embeddable":true,"href":"https:\/\/www.kanaren-virtuell.de\/news\/wp-json\/wp\/v2\/users\/1"}],"replies":[{"embeddable":true,"href":"https:\/\/www.kanaren-virtuell.de\/news\/wp-json\/wp\/v2\/comments?post=6"}],"version-history":[{"count":1,"href":"https:\/\/www.kanaren-virtuell.de\/news\/wp-json\/wp\/v2\/posts\/6\/revisions"}],"predecessor-version":[{"id":7,"href":"https:\/\/www.kanaren-virtuell.de\/news\/wp-json\/wp\/v2\/posts\/6\/revisions\/7"}],"wp:attachment":[{"href":"https:\/\/www.kanaren-virtuell.de\/news\/wp-json\/wp\/v2\/media?parent=6"}],"wp:term":[{"taxonomy":"category","embeddable":true,"href":"https:\/\/www.kanaren-virtuell.de\/news\/wp-json\/wp\/v2\/categories?post=6"},{"taxonomy":"post_tag","embeddable":true,"href":"https:\/\/www.kanaren-virtuell.de\/news\/wp-json\/wp\/v2\/tags?post=6"}],"curies":[{"name":"wp","href":"https:\/\/api.w.org\/{rel}","templated":true}]}}