{"id":60,"date":"2007-01-16T12:07:34","date_gmt":"2007-01-16T10:07:34","guid":{"rendered":"http:\/\/www.kanaren-virtuell.de\/news\/?p=60"},"modified":"2013-10-02T12:08:16","modified_gmt":"2013-10-02T10:08:16","slug":"sturm-auf-den-kanarischen-inseln","status":"publish","type":"post","link":"https:\/\/www.kanaren-virtuell.de\/news\/sturm-auf-den-kanarischen-inseln\/","title":{"rendered":"Sturm auf den Kanarischen Inseln"},"content":{"rendered":"<p>Am 2. Januar-Wochenende fegte ein Sturm mit Windgeschwindigkeiten bis 80 km\/h \u00fcber die Kanarischen Inseln. Auf Teneriffa gab es Verkehrschaos auf der TF1, umgest\u00fcrzte Laternenmasten und abgedeckte Wellblechd\u00e4cher im S\u00fcden. Sch\u00e4den durch umgest\u00fcrzte Bauger\u00fcste entstanden auf Gran Canaria, auf Lanzarote und Fuerteventura wurden vor\u00fcbergehend der F\u00e4hrbetrieb eingestellt. Personen sollen laut beh\u00f6rdlichen Angaben nicht zu Schaden gekommen sein.<\/p>\n","protected":false},"excerpt":{"rendered":"<p>Am 2. Januar-Wochenende fegte ein Sturm mit Windgeschwindigkeiten bis 80 km\/h \u00fcber die Kanarischen Inseln. Auf Teneriffa gab es Verkehrschaos auf der TF1, umgest\u00fcrzte Laternenmasten und abgedeckte Wellblechd\u00e4cher im S\u00fcden. Sch\u00e4den durch umgest\u00fcrzte Bauger\u00fcste entstanden auf Gran Canaria, auf Lanzarote und Fuerteventura wurden vor\u00fcbergehend der F\u00e4hrbetrieb eingestellt. Personen sollen laut beh\u00f6rdlichen Angaben nicht zu Schaden [&hellip;]<\/p>\n","protected":false},"author":1,"featured_media":0,"comment_status":"open","ping_status":"open","sticky":false,"template":"","format":"standard","meta":{"footnotes":""},"categories":[11],"tags":[],"class_list":["post-60","post","type-post","status-publish","format-standard","hentry","category-wetter"],"_links":{"self":[{"href":"https:\/\/www.kanaren-virtuell.de\/news\/wp-json\/wp\/v2\/posts\/60","targetHints":{"allow":["GET"]}}],"collection":[{"href":"https:\/\/www.kanaren-virtuell.de\/news\/wp-json\/wp\/v2\/posts"}],"about":[{"href":"https:\/\/www.kanaren-virtuell.de\/news\/wp-json\/wp\/v2\/types\/post"}],"author":[{"embeddable":true,"href":"https:\/\/www.kanaren-virtuell.de\/news\/wp-json\/wp\/v2\/users\/1"}],"replies":[{"embeddable":true,"href":"https:\/\/www.kanaren-virtuell.de\/news\/wp-json\/wp\/v2\/comments?post=60"}],"version-history":[{"count":1,"href":"https:\/\/www.kanaren-virtuell.de\/news\/wp-json\/wp\/v2\/posts\/60\/revisions"}],"predecessor-version":[{"id":61,"href":"https:\/\/www.kanaren-virtuell.de\/news\/wp-json\/wp\/v2\/posts\/60\/revisions\/61"}],"wp:attachment":[{"href":"https:\/\/www.kanaren-virtuell.de\/news\/wp-json\/wp\/v2\/media?parent=60"}],"wp:term":[{"taxonomy":"category","embeddable":true,"href":"https:\/\/www.kanaren-virtuell.de\/news\/wp-json\/wp\/v2\/categories?post=60"},{"taxonomy":"post_tag","embeddable":true,"href":"https:\/\/www.kanaren-virtuell.de\/news\/wp-json\/wp\/v2\/tags?post=60"}],"curies":[{"name":"wp","href":"https:\/\/api.w.org\/{rel}","templated":true}]}}