{"id":605,"date":"2010-07-27T19:18:41","date_gmt":"2010-07-27T17:18:41","guid":{"rendered":"http:\/\/www.kanaren-virtuell.de\/news\/?p=605"},"modified":"2013-10-15T19:19:11","modified_gmt":"2013-10-15T17:19:11","slug":"teneriffa-el-tanque-feiert-das-dreschfest","status":"publish","type":"post","link":"https:\/\/www.kanaren-virtuell.de\/news\/teneriffa-el-tanque-feiert-das-dreschfest\/","title":{"rendered":"Teneriffa \u2013 El Tanque feiert das Dreschfest"},"content":{"rendered":"<p>Der beschauliche Ort <a href=\"http:\/\/www.kanaren-virtuell.de\/teneriffa_2\/orte\/eltanque.htm\">El Tanque<\/a> auf der Kanareninsel Teneriffa pr\u00e4sentiert sich seinem Besucher in einer reizvollen Naturlandschaft am Rande des <a href=\"http:\/\/www.kanaren-virtuell.de\/teneriffa_2\/orte\/teno.htm\">Tenogebirges<\/a>. Terrassenf\u00f6rmig angelegte Getreidefelder pr\u00e4gen das Ortsbild. Viele der Einwohner bestreiten ihren Lebensunterhalt mit der Landwirtschaft, die somit einen wichtigen Wirtschaftsfaktor darstellt. Dieser steht auch im Mittelpunkt des j\u00e4hrlich stattfindenden Dreschfestes, das in diesem Jahr am 31. Juli gefeiert wird. <\/p>\n<p>Im Rahmen des Festes k\u00f6nnen Besucher nicht nur typisch kanarische K\u00f6stlichkeiten genie\u00dfen, sondern auch Werkst\u00e4tten besichtigen, an Wettbewerben teilnehmen und Ausstellungen besuchen. El Tanque l\u00e4dt am letzten Juli-Wochenende also zu geselligem Beisammensein ein, das auch von folkloristischen Darbietungen begleitet wird und unterhaltsame Stunden garantiert. <\/p>\n","protected":false},"excerpt":{"rendered":"<p>Der beschauliche Ort El Tanque auf der Kanareninsel Teneriffa pr\u00e4sentiert sich seinem Besucher in einer reizvollen Naturlandschaft am Rande des Tenogebirges. Terrassenf\u00f6rmig angelegte Getreidefelder pr\u00e4gen das Ortsbild. Viele der Einwohner bestreiten ihren Lebensunterhalt mit der Landwirtschaft, die somit einen wichtigen Wirtschaftsfaktor darstellt. Dieser steht auch im Mittelpunkt des j\u00e4hrlich stattfindenden Dreschfestes, das in diesem Jahr [&hellip;]<\/p>\n","protected":false},"author":2,"featured_media":0,"comment_status":"open","ping_status":"open","sticky":false,"template":"","format":"standard","meta":{"footnotes":""},"categories":[2],"tags":[],"class_list":["post-605","post","type-post","status-publish","format-standard","hentry","category-teneriffa"],"_links":{"self":[{"href":"https:\/\/www.kanaren-virtuell.de\/news\/wp-json\/wp\/v2\/posts\/605","targetHints":{"allow":["GET"]}}],"collection":[{"href":"https:\/\/www.kanaren-virtuell.de\/news\/wp-json\/wp\/v2\/posts"}],"about":[{"href":"https:\/\/www.kanaren-virtuell.de\/news\/wp-json\/wp\/v2\/types\/post"}],"author":[{"embeddable":true,"href":"https:\/\/www.kanaren-virtuell.de\/news\/wp-json\/wp\/v2\/users\/2"}],"replies":[{"embeddable":true,"href":"https:\/\/www.kanaren-virtuell.de\/news\/wp-json\/wp\/v2\/comments?post=605"}],"version-history":[{"count":1,"href":"https:\/\/www.kanaren-virtuell.de\/news\/wp-json\/wp\/v2\/posts\/605\/revisions"}],"predecessor-version":[{"id":606,"href":"https:\/\/www.kanaren-virtuell.de\/news\/wp-json\/wp\/v2\/posts\/605\/revisions\/606"}],"wp:attachment":[{"href":"https:\/\/www.kanaren-virtuell.de\/news\/wp-json\/wp\/v2\/media?parent=605"}],"wp:term":[{"taxonomy":"category","embeddable":true,"href":"https:\/\/www.kanaren-virtuell.de\/news\/wp-json\/wp\/v2\/categories?post=605"},{"taxonomy":"post_tag","embeddable":true,"href":"https:\/\/www.kanaren-virtuell.de\/news\/wp-json\/wp\/v2\/tags?post=605"}],"curies":[{"name":"wp","href":"https:\/\/api.w.org\/{rel}","templated":true}]}}