{"id":707,"date":"2010-11-05T09:32:19","date_gmt":"2010-11-05T07:32:19","guid":{"rendered":"http:\/\/www.kanaren-virtuell.de\/news\/?p=707"},"modified":"2013-10-22T09:32:44","modified_gmt":"2013-10-22T07:32:44","slug":"gran-canaria-laedt-zum-festival-alternativer-musik","status":"publish","type":"post","link":"https:\/\/www.kanaren-virtuell.de\/news\/gran-canaria-laedt-zum-festival-alternativer-musik\/","title":{"rendered":"Gran Canaria l\u00e4dt zum Festival alternativer Musik"},"content":{"rendered":"<p>Im Rahmen des weltweiten \u201eWomad\u201c-Musikfestivals k\u00f6nnen Einheimische und Besucher der Insel Gran Canaria vom 11. bis 14. November 2010 internationale Kl\u00e4nge alternativer Musik genie\u00dfen. Das Festival gilt als Inbegriff f\u00fcr grenz\u00fcberschreitende Musikkultur und lockt sicher auch in diesem Jahr wieder zahlreiche Besucher auf die Insel, die sich auf K\u00fcnstler aus aller Herren L\u00e4nder freuen d\u00fcrfen. Vertreten sind neben spanischen Musikern unter anderem auch K\u00fcnstler aus Frankreich, Marokko, Angola und Brasilien. <\/p>\n<p>Austragungsort des \u201eWomad\u201c-Festivals ist der Santa Catalina Park, unweit des Strandes Las Canteras. Ein buntes Unterhaltungsprogramm mit Workshops und verschiedensten Tanzauff\u00fchrungen l\u00e4sst keine Langeweile aufkommen. Musikfreunde sollten sich dieses Spektakel nicht entgehen lassen, die Gelegenheit nutzen und in eine internationale Klangwelt eintauchen. <\/p>\n","protected":false},"excerpt":{"rendered":"<p>Im Rahmen des weltweiten \u201eWomad\u201c-Musikfestivals k\u00f6nnen Einheimische und Besucher der Insel Gran Canaria vom 11. bis 14. November 2010 internationale Kl\u00e4nge alternativer Musik genie\u00dfen. Das Festival gilt als Inbegriff f\u00fcr grenz\u00fcberschreitende Musikkultur und lockt sicher auch in diesem Jahr wieder zahlreiche Besucher auf die Insel, die sich auf K\u00fcnstler aus aller Herren L\u00e4nder freuen d\u00fcrfen. [&hellip;]<\/p>\n","protected":false},"author":2,"featured_media":0,"comment_status":"open","ping_status":"open","sticky":false,"template":"","format":"standard","meta":{"footnotes":""},"categories":[4],"tags":[],"class_list":["post-707","post","type-post","status-publish","format-standard","hentry","category-gran-canaria"],"_links":{"self":[{"href":"https:\/\/www.kanaren-virtuell.de\/news\/wp-json\/wp\/v2\/posts\/707","targetHints":{"allow":["GET"]}}],"collection":[{"href":"https:\/\/www.kanaren-virtuell.de\/news\/wp-json\/wp\/v2\/posts"}],"about":[{"href":"https:\/\/www.kanaren-virtuell.de\/news\/wp-json\/wp\/v2\/types\/post"}],"author":[{"embeddable":true,"href":"https:\/\/www.kanaren-virtuell.de\/news\/wp-json\/wp\/v2\/users\/2"}],"replies":[{"embeddable":true,"href":"https:\/\/www.kanaren-virtuell.de\/news\/wp-json\/wp\/v2\/comments?post=707"}],"version-history":[{"count":1,"href":"https:\/\/www.kanaren-virtuell.de\/news\/wp-json\/wp\/v2\/posts\/707\/revisions"}],"predecessor-version":[{"id":708,"href":"https:\/\/www.kanaren-virtuell.de\/news\/wp-json\/wp\/v2\/posts\/707\/revisions\/708"}],"wp:attachment":[{"href":"https:\/\/www.kanaren-virtuell.de\/news\/wp-json\/wp\/v2\/media?parent=707"}],"wp:term":[{"taxonomy":"category","embeddable":true,"href":"https:\/\/www.kanaren-virtuell.de\/news\/wp-json\/wp\/v2\/categories?post=707"},{"taxonomy":"post_tag","embeddable":true,"href":"https:\/\/www.kanaren-virtuell.de\/news\/wp-json\/wp\/v2\/tags?post=707"}],"curies":[{"name":"wp","href":"https:\/\/api.w.org\/{rel}","templated":true}]}}