{"id":731,"date":"2010-11-29T09:40:54","date_gmt":"2010-11-29T07:40:54","guid":{"rendered":"http:\/\/www.kanaren-virtuell.de\/news\/?p=731"},"modified":"2013-10-22T09:41:20","modified_gmt":"2013-10-22T07:41:20","slug":"sturm-auf-den-westlichen-inseln-der-kanaren","status":"publish","type":"post","link":"https:\/\/www.kanaren-virtuell.de\/news\/sturm-auf-den-westlichen-inseln-der-kanaren\/","title":{"rendered":"Sturm auf den westlichen Inseln der Kanaren"},"content":{"rendered":"<p>Am Wochenende und am heutigen Montag wurden die Inseln La Palma, El Hierro, La Gomera und auch Teile von Teneriffa von st\u00fcrmischen Winden heimgesucht. In der Nacht von Sonntag zu Montag mu\u00dften auf El Hierro, La Palma und Teneriffa insgesamt 13 Stra\u00dfen gesperrt werden. Auf der Insel La Palma wurden 27 Fl\u00fcge am Sonntag wegen starkem Wind ausgesetzt. Auf Teneriffa gab es in einigen Gegenden Stromausf\u00e4lle, z.B. in Los Realejos. Starke Regenf\u00e4lle gab es ebenfalls in einigen Gegenden der Insel Teneriffa. Vor allem im Norden Teneriffas, u.a. im Orotavatal und in der Gegend von Icod bl\u00e4st starker Wind mit B\u00f6en bis 130 km\/h und f\u00fchrt auch zu Verkehrsbeeintr\u00e4chtigungen. Die Unwetterwarnung f\u00fcr die Kanaren bleibt f\u00fcr den Montag bestehen. Die Flugh\u00e4fen von La Palma, La Gomera und El Hierro wurden am Montag geschlossen. Der Hafen von Agaete auf Gran Canaria wurde ebenfalls geschlossen und damit der F\u00e4hrverkehr von hier nach Teneriffa eingestellt. Starker Wind und Regen wird heute auch auf Fuerteventura und Lanzarote erwartet.<\/p>\n","protected":false},"excerpt":{"rendered":"<p>Am Wochenende und am heutigen Montag wurden die Inseln La Palma, El Hierro, La Gomera und auch Teile von Teneriffa von st\u00fcrmischen Winden heimgesucht. In der Nacht von Sonntag zu Montag mu\u00dften auf El Hierro, La Palma und Teneriffa insgesamt 13 Stra\u00dfen gesperrt werden. Auf der Insel La Palma wurden 27 Fl\u00fcge am Sonntag wegen [&hellip;]<\/p>\n","protected":false},"author":1,"featured_media":0,"comment_status":"open","ping_status":"open","sticky":false,"template":"","format":"standard","meta":{"footnotes":""},"categories":[11],"tags":[],"class_list":["post-731","post","type-post","status-publish","format-standard","hentry","category-wetter"],"_links":{"self":[{"href":"https:\/\/www.kanaren-virtuell.de\/news\/wp-json\/wp\/v2\/posts\/731","targetHints":{"allow":["GET"]}}],"collection":[{"href":"https:\/\/www.kanaren-virtuell.de\/news\/wp-json\/wp\/v2\/posts"}],"about":[{"href":"https:\/\/www.kanaren-virtuell.de\/news\/wp-json\/wp\/v2\/types\/post"}],"author":[{"embeddable":true,"href":"https:\/\/www.kanaren-virtuell.de\/news\/wp-json\/wp\/v2\/users\/1"}],"replies":[{"embeddable":true,"href":"https:\/\/www.kanaren-virtuell.de\/news\/wp-json\/wp\/v2\/comments?post=731"}],"version-history":[{"count":1,"href":"https:\/\/www.kanaren-virtuell.de\/news\/wp-json\/wp\/v2\/posts\/731\/revisions"}],"predecessor-version":[{"id":732,"href":"https:\/\/www.kanaren-virtuell.de\/news\/wp-json\/wp\/v2\/posts\/731\/revisions\/732"}],"wp:attachment":[{"href":"https:\/\/www.kanaren-virtuell.de\/news\/wp-json\/wp\/v2\/media?parent=731"}],"wp:term":[{"taxonomy":"category","embeddable":true,"href":"https:\/\/www.kanaren-virtuell.de\/news\/wp-json\/wp\/v2\/categories?post=731"},{"taxonomy":"post_tag","embeddable":true,"href":"https:\/\/www.kanaren-virtuell.de\/news\/wp-json\/wp\/v2\/tags?post=731"}],"curies":[{"name":"wp","href":"https:\/\/api.w.org\/{rel}","templated":true}]}}