{"id":733,"date":"2010-11-29T09:41:30","date_gmt":"2010-11-29T07:41:30","guid":{"rendered":"http:\/\/www.kanaren-virtuell.de\/news\/?p=733"},"modified":"2013-10-22T09:41:51","modified_gmt":"2013-10-22T07:41:51","slug":"sturm-auf-den-kanaren-2","status":"publish","type":"post","link":"https:\/\/www.kanaren-virtuell.de\/news\/sturm-auf-den-kanaren-2\/","title":{"rendered":"Sturm auf den Kanaren"},"content":{"rendered":"<p>Das Unwetter \u00fcber den Kanarischen Inseln h\u00e4lt an. Einige maximale Windgeschwindigkeiten der letzten Stunden: Iza\u00f1a (150 Stundenkilometer), Puerto de la Cruz (93 km\/h), Los Rodeos\/Flughafen Teneriffa Nord (98 km\/h), San Andr\u00e9s y Sauces (105 km\/h ) und in den H\u00f6henlagen von La Gomera 120 Kilometer pro Stunde. Die Inselregierung von Teneriffa beschlo\u00df, die Zufahrtsstra\u00dfen zum Teide zu schlie\u00dfen. Betroffen sind die Stra\u00dfen: TF-21 La Orotava, TF-28 La Esperanza, TF -38 Gu\u00eda de Isora, TF-523 Arafo. Windb\u00f6en bis 170 km\/h werden in den Gipfellagen um den Teide erwartet. Die Flugh\u00e4fen La Palma, El Hierro und La Gomera sind weiterhin geschlossen. Die anderen Inseln sind momentan nicht von Flugausf\u00e4llen betroffen. Der F\u00e4hrverkehr zwischen Los Cristianos\/ Teneriffa und La Gomera ist ebenfalls beeintr\u00e4chtigt. Laut AEMET gilt die Unwetterwarnstufe Rot wegen Sturm noch f\u00fcr Teneriffa, seit 10 Uhr nur noch Orange f\u00fcr die Inseln La Palma, El Hierro, La Gomera und Gran Canaria.<\/p>\n","protected":false},"excerpt":{"rendered":"<p>Das Unwetter \u00fcber den Kanarischen Inseln h\u00e4lt an. Einige maximale Windgeschwindigkeiten der letzten Stunden: Iza\u00f1a (150 Stundenkilometer), Puerto de la Cruz (93 km\/h), Los Rodeos\/Flughafen Teneriffa Nord (98 km\/h), San Andr\u00e9s y Sauces (105 km\/h ) und in den H\u00f6henlagen von La Gomera 120 Kilometer pro Stunde. Die Inselregierung von Teneriffa beschlo\u00df, die Zufahrtsstra\u00dfen zum [&hellip;]<\/p>\n","protected":false},"author":1,"featured_media":0,"comment_status":"open","ping_status":"open","sticky":false,"template":"","format":"standard","meta":{"footnotes":""},"categories":[11],"tags":[],"class_list":["post-733","post","type-post","status-publish","format-standard","hentry","category-wetter"],"_links":{"self":[{"href":"https:\/\/www.kanaren-virtuell.de\/news\/wp-json\/wp\/v2\/posts\/733","targetHints":{"allow":["GET"]}}],"collection":[{"href":"https:\/\/www.kanaren-virtuell.de\/news\/wp-json\/wp\/v2\/posts"}],"about":[{"href":"https:\/\/www.kanaren-virtuell.de\/news\/wp-json\/wp\/v2\/types\/post"}],"author":[{"embeddable":true,"href":"https:\/\/www.kanaren-virtuell.de\/news\/wp-json\/wp\/v2\/users\/1"}],"replies":[{"embeddable":true,"href":"https:\/\/www.kanaren-virtuell.de\/news\/wp-json\/wp\/v2\/comments?post=733"}],"version-history":[{"count":1,"href":"https:\/\/www.kanaren-virtuell.de\/news\/wp-json\/wp\/v2\/posts\/733\/revisions"}],"predecessor-version":[{"id":734,"href":"https:\/\/www.kanaren-virtuell.de\/news\/wp-json\/wp\/v2\/posts\/733\/revisions\/734"}],"wp:attachment":[{"href":"https:\/\/www.kanaren-virtuell.de\/news\/wp-json\/wp\/v2\/media?parent=733"}],"wp:term":[{"taxonomy":"category","embeddable":true,"href":"https:\/\/www.kanaren-virtuell.de\/news\/wp-json\/wp\/v2\/categories?post=733"},{"taxonomy":"post_tag","embeddable":true,"href":"https:\/\/www.kanaren-virtuell.de\/news\/wp-json\/wp\/v2\/tags?post=733"}],"curies":[{"name":"wp","href":"https:\/\/api.w.org\/{rel}","templated":true}]}}