{"id":735,"date":"2010-11-29T09:42:03","date_gmt":"2010-11-29T07:42:03","guid":{"rendered":"http:\/\/www.kanaren-virtuell.de\/news\/?p=735"},"modified":"2013-10-22T09:42:27","modified_gmt":"2013-10-22T07:42:27","slug":"neues-von-der-unwetterfront-auf-den-kanaren","status":"publish","type":"post","link":"https:\/\/www.kanaren-virtuell.de\/news\/neues-von-der-unwetterfront-auf-den-kanaren\/","title":{"rendered":"Neues von der Unwetterfront auf den Kanaren"},"content":{"rendered":"<p>Der Sturm erreicht am heutigen Tage auch die \u00f6stlichen Inseln. Auf Fuerteventura und Lanzarote soll es in der Nacht und morgen regnen. Die Landwirte wird es freuen, die Urlauber eher nicht. Der Sturm soll Windgeschwindigkeiten von bis zu 120 km\/h erreichen. Der Hafen von Gomeras Hauptstadt San Sebastian ist wieder ge\u00f6ffnet. Am Flughafen La Palma wurden heute 24 Fl\u00fcge abgesagt, auf El Hierro 4 und auf Gomera 2. Die Regierung der Kanarischen Inseln hat am Montag die Schlie\u00dfung von Schulen, Colleges und Universit\u00e4ten erkl\u00e4rt. Heute um 18.30 Uhr soll mitgeteilt werden, ob am morgigen Dienstag der Unterricht wieder stattfindet. F\u00fcr Teneriffa senkte AEMET die Unwetterwarnstufe von ROT auf ORANGE.<\/p>\n","protected":false},"excerpt":{"rendered":"<p>Der Sturm erreicht am heutigen Tage auch die \u00f6stlichen Inseln. Auf Fuerteventura und Lanzarote soll es in der Nacht und morgen regnen. Die Landwirte wird es freuen, die Urlauber eher nicht. Der Sturm soll Windgeschwindigkeiten von bis zu 120 km\/h erreichen. Der Hafen von Gomeras Hauptstadt San Sebastian ist wieder ge\u00f6ffnet. Am Flughafen La Palma [&hellip;]<\/p>\n","protected":false},"author":1,"featured_media":0,"comment_status":"open","ping_status":"open","sticky":false,"template":"","format":"standard","meta":{"footnotes":""},"categories":[11],"tags":[],"class_list":["post-735","post","type-post","status-publish","format-standard","hentry","category-wetter"],"_links":{"self":[{"href":"https:\/\/www.kanaren-virtuell.de\/news\/wp-json\/wp\/v2\/posts\/735","targetHints":{"allow":["GET"]}}],"collection":[{"href":"https:\/\/www.kanaren-virtuell.de\/news\/wp-json\/wp\/v2\/posts"}],"about":[{"href":"https:\/\/www.kanaren-virtuell.de\/news\/wp-json\/wp\/v2\/types\/post"}],"author":[{"embeddable":true,"href":"https:\/\/www.kanaren-virtuell.de\/news\/wp-json\/wp\/v2\/users\/1"}],"replies":[{"embeddable":true,"href":"https:\/\/www.kanaren-virtuell.de\/news\/wp-json\/wp\/v2\/comments?post=735"}],"version-history":[{"count":1,"href":"https:\/\/www.kanaren-virtuell.de\/news\/wp-json\/wp\/v2\/posts\/735\/revisions"}],"predecessor-version":[{"id":736,"href":"https:\/\/www.kanaren-virtuell.de\/news\/wp-json\/wp\/v2\/posts\/735\/revisions\/736"}],"wp:attachment":[{"href":"https:\/\/www.kanaren-virtuell.de\/news\/wp-json\/wp\/v2\/media?parent=735"}],"wp:term":[{"taxonomy":"category","embeddable":true,"href":"https:\/\/www.kanaren-virtuell.de\/news\/wp-json\/wp\/v2\/categories?post=735"},{"taxonomy":"post_tag","embeddable":true,"href":"https:\/\/www.kanaren-virtuell.de\/news\/wp-json\/wp\/v2\/tags?post=735"}],"curies":[{"name":"wp","href":"https:\/\/api.w.org\/{rel}","templated":true}]}}