{"id":821,"date":"2011-02-26T11:38:11","date_gmt":"2011-02-26T09:38:11","guid":{"rendered":"http:\/\/www.kanaren-virtuell.de\/news\/?p=821"},"modified":"2013-10-24T11:38:41","modified_gmt":"2013-10-24T09:38:41","slug":"alltours-bietet-woechentlich-zusaetzlich-284-linienfluege-auf-die-kanaren","status":"publish","type":"post","link":"https:\/\/www.kanaren-virtuell.de\/news\/alltours-bietet-woechentlich-zusaetzlich-284-linienfluege-auf-die-kanaren\/","title":{"rendered":"Alltours bietet w\u00f6chentlich zus\u00e4tzlich 284 Linienfl\u00fcge auf die Kanaren"},"content":{"rendered":"<p>Die politischen Unruhen in Tunesien und \u00c4gypten sorgen in der ganzen Welt f\u00fcr Best\u00fcrzung und Aufsehen. Auch Touristen orientieren sich um und suchen sich neue Reiseziele, schlie\u00dflich wollen sie ihren Urlaub in vollen Z\u00fcgen genie\u00dfen. Bedingt durch die aktuelle Lage besteht eine besonders gro\u00dfe Nachfrage f\u00fcr <a href=\"http:\/\/www.kanaren-virtuell.de\/reiseangebote-kanaren.htm\">Reisen auf die Kanarischen Inseln<\/a>, auf die der deutsche Reiseveranstalter Alltours jetzt reagiert. <\/p>\n<p>Alltours wird erstmals mit der spanischen Airline IBERIA kooperieren und w\u00f6chentlich 284 zus\u00e4tzliche Linienfl\u00fcge mit Ziel Kanaren anbieten. W\u00e4hrend hiervon 152 Fl\u00fcge auf den derzeitigen Winterflugplan entfallen, sind die restlichen 132 Fl\u00fcge f\u00fcr den Sommer geplant. Die Kanaren werden von Alltours von insgesamt 32 Flugh\u00e4fen aus, 24 davon liegen in Deutschland, angesteuert. Zu den deutschen Abflugh\u00e4fen geh\u00f6ren M\u00fcnchen, Frankfurt, D\u00fcsseldorf und Berlin. <\/p>\n","protected":false},"excerpt":{"rendered":"<p>Die politischen Unruhen in Tunesien und \u00c4gypten sorgen in der ganzen Welt f\u00fcr Best\u00fcrzung und Aufsehen. Auch Touristen orientieren sich um und suchen sich neue Reiseziele, schlie\u00dflich wollen sie ihren Urlaub in vollen Z\u00fcgen genie\u00dfen. Bedingt durch die aktuelle Lage besteht eine besonders gro\u00dfe Nachfrage f\u00fcr Reisen auf die Kanarischen Inseln, auf die der deutsche [&hellip;]<\/p>\n","protected":false},"author":2,"featured_media":0,"comment_status":"open","ping_status":"open","sticky":false,"template":"","format":"standard","meta":{"footnotes":""},"categories":[9],"tags":[],"class_list":["post-821","post","type-post","status-publish","format-standard","hentry","category-flug"],"_links":{"self":[{"href":"https:\/\/www.kanaren-virtuell.de\/news\/wp-json\/wp\/v2\/posts\/821","targetHints":{"allow":["GET"]}}],"collection":[{"href":"https:\/\/www.kanaren-virtuell.de\/news\/wp-json\/wp\/v2\/posts"}],"about":[{"href":"https:\/\/www.kanaren-virtuell.de\/news\/wp-json\/wp\/v2\/types\/post"}],"author":[{"embeddable":true,"href":"https:\/\/www.kanaren-virtuell.de\/news\/wp-json\/wp\/v2\/users\/2"}],"replies":[{"embeddable":true,"href":"https:\/\/www.kanaren-virtuell.de\/news\/wp-json\/wp\/v2\/comments?post=821"}],"version-history":[{"count":1,"href":"https:\/\/www.kanaren-virtuell.de\/news\/wp-json\/wp\/v2\/posts\/821\/revisions"}],"predecessor-version":[{"id":822,"href":"https:\/\/www.kanaren-virtuell.de\/news\/wp-json\/wp\/v2\/posts\/821\/revisions\/822"}],"wp:attachment":[{"href":"https:\/\/www.kanaren-virtuell.de\/news\/wp-json\/wp\/v2\/media?parent=821"}],"wp:term":[{"taxonomy":"category","embeddable":true,"href":"https:\/\/www.kanaren-virtuell.de\/news\/wp-json\/wp\/v2\/categories?post=821"},{"taxonomy":"post_tag","embeddable":true,"href":"https:\/\/www.kanaren-virtuell.de\/news\/wp-json\/wp\/v2\/tags?post=821"}],"curies":[{"name":"wp","href":"https:\/\/api.w.org\/{rel}","templated":true}]}}