{"id":837,"date":"2011-03-17T11:43:40","date_gmt":"2011-03-17T09:43:40","guid":{"rendered":"http:\/\/www.kanaren-virtuell.de\/news\/?p=837"},"modified":"2013-10-24T11:44:08","modified_gmt":"2013-10-24T09:44:08","slug":"teneriffa-magma-festival-in-playa-de-las-americas","status":"publish","type":"post","link":"https:\/\/www.kanaren-virtuell.de\/news\/teneriffa-magma-festival-in-playa-de-las-americas\/","title":{"rendered":"Teneriffa \u2013 Magma-Festival in Playa de las Americas"},"content":{"rendered":"<p><a href=\"http:\/\/www.kanaren-virtuell.de\/teneriffa_2\/orte\/americas.htm\">Playa de las Americas<\/a> liegt im S\u00fcden Teneriffas und z\u00e4hlt zu den gr\u00f6\u00dften Ferienorten der Kanareninsel. Neben langen Sandstr\u00e4nden und einem vielseitigen Sport- und Freizeitangebot h\u00e4lt die Ferieninsel aber auch zahlreiche Veranstaltungen f\u00fcr Besucher bereit, die einen Aufenthalt nie langweilig werden lassen. So findet zum Beispiel am 23. April 2011 im Kongresszentrum von Playa de las Americas das gro\u00dfe Magma-Festival statt, bei dem vor allem Freunde von Elektromusik auf ihre Kosten kommen d\u00fcrften. <\/p>\n<p>Das diesj\u00e4hrige Festival wird in die Bereiche Magma Solar und Lunar unterteilt. Des Weiteren darf man sich auf Filmvorf\u00fchrungen, Technik-Workshops und Kunstausstellungen freuen. Eine Veranstaltung, die sich Musik-Freunde nicht entgehen lassen sollten. <\/p>\n","protected":false},"excerpt":{"rendered":"<p>Playa de las Americas liegt im S\u00fcden Teneriffas und z\u00e4hlt zu den gr\u00f6\u00dften Ferienorten der Kanareninsel. Neben langen Sandstr\u00e4nden und einem vielseitigen Sport- und Freizeitangebot h\u00e4lt die Ferieninsel aber auch zahlreiche Veranstaltungen f\u00fcr Besucher bereit, die einen Aufenthalt nie langweilig werden lassen. So findet zum Beispiel am 23. April 2011 im Kongresszentrum von Playa de [&hellip;]<\/p>\n","protected":false},"author":2,"featured_media":0,"comment_status":"open","ping_status":"open","sticky":false,"template":"","format":"standard","meta":{"footnotes":""},"categories":[2],"tags":[],"class_list":["post-837","post","type-post","status-publish","format-standard","hentry","category-teneriffa"],"_links":{"self":[{"href":"https:\/\/www.kanaren-virtuell.de\/news\/wp-json\/wp\/v2\/posts\/837","targetHints":{"allow":["GET"]}}],"collection":[{"href":"https:\/\/www.kanaren-virtuell.de\/news\/wp-json\/wp\/v2\/posts"}],"about":[{"href":"https:\/\/www.kanaren-virtuell.de\/news\/wp-json\/wp\/v2\/types\/post"}],"author":[{"embeddable":true,"href":"https:\/\/www.kanaren-virtuell.de\/news\/wp-json\/wp\/v2\/users\/2"}],"replies":[{"embeddable":true,"href":"https:\/\/www.kanaren-virtuell.de\/news\/wp-json\/wp\/v2\/comments?post=837"}],"version-history":[{"count":1,"href":"https:\/\/www.kanaren-virtuell.de\/news\/wp-json\/wp\/v2\/posts\/837\/revisions"}],"predecessor-version":[{"id":838,"href":"https:\/\/www.kanaren-virtuell.de\/news\/wp-json\/wp\/v2\/posts\/837\/revisions\/838"}],"wp:attachment":[{"href":"https:\/\/www.kanaren-virtuell.de\/news\/wp-json\/wp\/v2\/media?parent=837"}],"wp:term":[{"taxonomy":"category","embeddable":true,"href":"https:\/\/www.kanaren-virtuell.de\/news\/wp-json\/wp\/v2\/categories?post=837"},{"taxonomy":"post_tag","embeddable":true,"href":"https:\/\/www.kanaren-virtuell.de\/news\/wp-json\/wp\/v2\/tags?post=837"}],"curies":[{"name":"wp","href":"https:\/\/api.w.org\/{rel}","templated":true}]}}