{"id":839,"date":"2011-03-19T11:44:21","date_gmt":"2011-03-19T09:44:21","guid":{"rendered":"http:\/\/www.kanaren-virtuell.de\/news\/?p=839"},"modified":"2013-10-24T11:44:50","modified_gmt":"2013-10-24T09:44:50","slug":"teneriffa-in-anaga-wurde-erster-wanderweg-fuer-behinderte-eroeffnet","status":"publish","type":"post","link":"https:\/\/www.kanaren-virtuell.de\/news\/teneriffa-in-anaga-wurde-erster-wanderweg-fuer-behinderte-eroeffnet\/","title":{"rendered":"Teneriffa \u2013 In Anaga wurde erster Wanderweg f\u00fcr Behinderte er\u00f6ffnet"},"content":{"rendered":"<p>Obwohl die Kanaren wohl in erster Linie als Reiseziel f\u00fcr Strandurlauber bekannt sind, finden auch immer mehr Wanderfreunde den Weg auf die Vulkaninseln im Atlantischen Ozean. Bizarre Kraterlandschaften, fruchtbare T\u00e4ler, dichte W\u00e4lder und kontrastreiches Gebirge zeugen von der landschaftlichen Vielfalt der einzelnen Inseln, die ein gro\u00dfes Wanderwegenetz bereithalten. Auf Teneriffa wurde mit dem Llano de los Loros nun der erste Wanderweg f\u00fcr Behinderte er\u00f6ffnet. <\/p>\n<p>Der Ausgangspunkt liegt am Cruz del Carmen im <a href=\"http:\/\/www.kanaren-virtuell.de\/teneriffa_2\/orte\/anaga.htm\">Anaga-Gebirge<\/a>. Die Route ist in verschiedene Schwierigkeitsgrade unterteilt und kann auch als Wanderweg der Sinne bezeichnet werden. Elemente der Natur k\u00f6nnen anhand von sensorischen Infotafeln mit den Augen, den H\u00e4nden oder der Nase entdeckt werden. Die verschiedenen Streckenabschnitte sind ideal geeignet f\u00fcr Menschen mit Behinderungen, Senioren und Kinder, die somit ebenfalls die M\u00f6glichkeit haben, die einzigartigen Naturr\u00e4ume Teneriffas hautnah zu erleben. <\/p>\n","protected":false},"excerpt":{"rendered":"<p>Obwohl die Kanaren wohl in erster Linie als Reiseziel f\u00fcr Strandurlauber bekannt sind, finden auch immer mehr Wanderfreunde den Weg auf die Vulkaninseln im Atlantischen Ozean. Bizarre Kraterlandschaften, fruchtbare T\u00e4ler, dichte W\u00e4lder und kontrastreiches Gebirge zeugen von der landschaftlichen Vielfalt der einzelnen Inseln, die ein gro\u00dfes Wanderwegenetz bereithalten. Auf Teneriffa wurde mit dem Llano de [&hellip;]<\/p>\n","protected":false},"author":2,"featured_media":0,"comment_status":"open","ping_status":"open","sticky":false,"template":"","format":"standard","meta":{"footnotes":""},"categories":[2],"tags":[],"class_list":["post-839","post","type-post","status-publish","format-standard","hentry","category-teneriffa"],"_links":{"self":[{"href":"https:\/\/www.kanaren-virtuell.de\/news\/wp-json\/wp\/v2\/posts\/839","targetHints":{"allow":["GET"]}}],"collection":[{"href":"https:\/\/www.kanaren-virtuell.de\/news\/wp-json\/wp\/v2\/posts"}],"about":[{"href":"https:\/\/www.kanaren-virtuell.de\/news\/wp-json\/wp\/v2\/types\/post"}],"author":[{"embeddable":true,"href":"https:\/\/www.kanaren-virtuell.de\/news\/wp-json\/wp\/v2\/users\/2"}],"replies":[{"embeddable":true,"href":"https:\/\/www.kanaren-virtuell.de\/news\/wp-json\/wp\/v2\/comments?post=839"}],"version-history":[{"count":1,"href":"https:\/\/www.kanaren-virtuell.de\/news\/wp-json\/wp\/v2\/posts\/839\/revisions"}],"predecessor-version":[{"id":840,"href":"https:\/\/www.kanaren-virtuell.de\/news\/wp-json\/wp\/v2\/posts\/839\/revisions\/840"}],"wp:attachment":[{"href":"https:\/\/www.kanaren-virtuell.de\/news\/wp-json\/wp\/v2\/media?parent=839"}],"wp:term":[{"taxonomy":"category","embeddable":true,"href":"https:\/\/www.kanaren-virtuell.de\/news\/wp-json\/wp\/v2\/categories?post=839"},{"taxonomy":"post_tag","embeddable":true,"href":"https:\/\/www.kanaren-virtuell.de\/news\/wp-json\/wp\/v2\/tags?post=839"}],"curies":[{"name":"wp","href":"https:\/\/api.w.org\/{rel}","templated":true}]}}