{"id":845,"date":"2011-03-20T11:46:22","date_gmt":"2011-03-20T09:46:22","guid":{"rendered":"http:\/\/www.kanaren-virtuell.de\/news\/?p=845"},"modified":"2013-10-24T11:46:48","modified_gmt":"2013-10-24T09:46:48","slug":"mercedes-marketing-event-auf-teneriffa","status":"publish","type":"post","link":"https:\/\/www.kanaren-virtuell.de\/news\/mercedes-marketing-event-auf-teneriffa\/","title":{"rendered":"Mercedes-Marketing Event auf Teneriffa"},"content":{"rendered":"<p>Auff\u00e4llig viele neue Mercedes-Benz, u.a. SLK- und C-Klasse-Modelle, mit Stuttgarter Nummer kurvten in der Woche vom 13. M\u00e4rz bis zum 20. M\u00e4rz 2011 \u00fcber die Insel Teneriffa. Die Presse war zu Testfahrten im kurz vor der Markteinf\u00fchrung stehenden Roadster SLK geladen. Die ersten Lobeshymnen sind bereits in diversen Artikeln zu lesen.<\/p>\n","protected":false},"excerpt":{"rendered":"<p>Auff\u00e4llig viele neue Mercedes-Benz, u.a. SLK- und C-Klasse-Modelle, mit Stuttgarter Nummer kurvten in der Woche vom 13. M\u00e4rz bis zum 20. M\u00e4rz 2011 \u00fcber die Insel Teneriffa. Die Presse war zu Testfahrten im kurz vor der Markteinf\u00fchrung stehenden Roadster SLK geladen. Die ersten Lobeshymnen sind bereits in diversen Artikeln zu lesen.<\/p>\n","protected":false},"author":1,"featured_media":0,"comment_status":"open","ping_status":"open","sticky":false,"template":"","format":"standard","meta":{"footnotes":""},"categories":[2],"tags":[],"class_list":["post-845","post","type-post","status-publish","format-standard","hentry","category-teneriffa"],"_links":{"self":[{"href":"https:\/\/www.kanaren-virtuell.de\/news\/wp-json\/wp\/v2\/posts\/845","targetHints":{"allow":["GET"]}}],"collection":[{"href":"https:\/\/www.kanaren-virtuell.de\/news\/wp-json\/wp\/v2\/posts"}],"about":[{"href":"https:\/\/www.kanaren-virtuell.de\/news\/wp-json\/wp\/v2\/types\/post"}],"author":[{"embeddable":true,"href":"https:\/\/www.kanaren-virtuell.de\/news\/wp-json\/wp\/v2\/users\/1"}],"replies":[{"embeddable":true,"href":"https:\/\/www.kanaren-virtuell.de\/news\/wp-json\/wp\/v2\/comments?post=845"}],"version-history":[{"count":1,"href":"https:\/\/www.kanaren-virtuell.de\/news\/wp-json\/wp\/v2\/posts\/845\/revisions"}],"predecessor-version":[{"id":846,"href":"https:\/\/www.kanaren-virtuell.de\/news\/wp-json\/wp\/v2\/posts\/845\/revisions\/846"}],"wp:attachment":[{"href":"https:\/\/www.kanaren-virtuell.de\/news\/wp-json\/wp\/v2\/media?parent=845"}],"wp:term":[{"taxonomy":"category","embeddable":true,"href":"https:\/\/www.kanaren-virtuell.de\/news\/wp-json\/wp\/v2\/categories?post=845"},{"taxonomy":"post_tag","embeddable":true,"href":"https:\/\/www.kanaren-virtuell.de\/news\/wp-json\/wp\/v2\/tags?post=845"}],"curies":[{"name":"wp","href":"https:\/\/api.w.org\/{rel}","templated":true}]}}