{"id":849,"date":"2011-03-23T11:47:40","date_gmt":"2011-03-23T09:47:40","guid":{"rendered":"http:\/\/www.kanaren-virtuell.de\/news\/?p=849"},"modified":"2013-10-24T11:48:04","modified_gmt":"2013-10-24T09:48:04","slug":"die-titanen-kaempfen-wieder","status":"publish","type":"post","link":"https:\/\/www.kanaren-virtuell.de\/news\/die-titanen-kaempfen-wieder\/","title":{"rendered":"Die Titanen k\u00e4mpfen wieder &#8230;"},"content":{"rendered":"<p>.. oder zumindest beginnen die Vorbereitungen f\u00fcr den Dreh des 2. Teils &#8222;Kampf der Titanen&#8220; &#8211; &#8222;Clash of the Titans&#8220;. Auf Teneriffa wird in und um <a href=\"http:\/\/www.kanaren-virtuell.de\/teneriffa_2\/orte\/abades.htm\">Abades<\/a> gedreht. Momentan wird s\u00fcdwestlich des Ortes die Basis f\u00fcr die mehrere hundert Mann starke Filmcrew aufgebaut. Gro\u00dfe Zelte und diverse Container sind sicherlich nur der Anfang von dem, was sich hier an der K\u00fcste abspielen wird. F\u00fcr Teneriffa sind die Dreharbeiten ein bedeutender Wirtschaftsfaktor. Schon beim Dreh des ersten Teils gab es Einnahmen in Millionenh\u00f6he. 20 Prozent des gesamten Films wurden auf Teneriffa gedreht. <a href=\"http:\/\/www.kanaren-virtuell.de\/blog\/teneriffa\/2009\/06\/20\/canadas-als-filmkulisse-fur-%e2%80%9ckampf-der-titanen%e2%80%9d\/\">Damals dienten der Nationalpark Las Canadas del Teide<\/a> und die K\u00fcsten bei Icod, Buenavista del Norte und Guia de Isora als Kulisse f\u00fcr den Film. Kinostart des zweiten Tels von &#8222;Clash of the Titans&#8220; soll im n\u00e4chsten Jahr am 30.M\u00e4rz sein.<\/p>\n","protected":false},"excerpt":{"rendered":"<p>.. oder zumindest beginnen die Vorbereitungen f\u00fcr den Dreh des 2. Teils &#8222;Kampf der Titanen&#8220; &#8211; &#8222;Clash of the Titans&#8220;. Auf Teneriffa wird in und um Abades gedreht. Momentan wird s\u00fcdwestlich des Ortes die Basis f\u00fcr die mehrere hundert Mann starke Filmcrew aufgebaut. Gro\u00dfe Zelte und diverse Container sind sicherlich nur der Anfang von dem, [&hellip;]<\/p>\n","protected":false},"author":1,"featured_media":0,"comment_status":"open","ping_status":"open","sticky":false,"template":"","format":"standard","meta":{"footnotes":""},"categories":[2],"tags":[],"class_list":["post-849","post","type-post","status-publish","format-standard","hentry","category-teneriffa"],"_links":{"self":[{"href":"https:\/\/www.kanaren-virtuell.de\/news\/wp-json\/wp\/v2\/posts\/849","targetHints":{"allow":["GET"]}}],"collection":[{"href":"https:\/\/www.kanaren-virtuell.de\/news\/wp-json\/wp\/v2\/posts"}],"about":[{"href":"https:\/\/www.kanaren-virtuell.de\/news\/wp-json\/wp\/v2\/types\/post"}],"author":[{"embeddable":true,"href":"https:\/\/www.kanaren-virtuell.de\/news\/wp-json\/wp\/v2\/users\/1"}],"replies":[{"embeddable":true,"href":"https:\/\/www.kanaren-virtuell.de\/news\/wp-json\/wp\/v2\/comments?post=849"}],"version-history":[{"count":1,"href":"https:\/\/www.kanaren-virtuell.de\/news\/wp-json\/wp\/v2\/posts\/849\/revisions"}],"predecessor-version":[{"id":850,"href":"https:\/\/www.kanaren-virtuell.de\/news\/wp-json\/wp\/v2\/posts\/849\/revisions\/850"}],"wp:attachment":[{"href":"https:\/\/www.kanaren-virtuell.de\/news\/wp-json\/wp\/v2\/media?parent=849"}],"wp:term":[{"taxonomy":"category","embeddable":true,"href":"https:\/\/www.kanaren-virtuell.de\/news\/wp-json\/wp\/v2\/categories?post=849"},{"taxonomy":"post_tag","embeddable":true,"href":"https:\/\/www.kanaren-virtuell.de\/news\/wp-json\/wp\/v2\/tags?post=849"}],"curies":[{"name":"wp","href":"https:\/\/api.w.org\/{rel}","templated":true}]}}