{"id":851,"date":"2011-03-23T11:48:18","date_gmt":"2011-03-23T09:48:18","guid":{"rendered":"http:\/\/www.kanaren-virtuell.de\/news\/?p=851"},"modified":"2013-10-24T11:48:52","modified_gmt":"2013-10-24T09:48:52","slug":"ostern-fast-ausgebucht","status":"publish","type":"post","link":"https:\/\/www.kanaren-virtuell.de\/news\/ostern-fast-ausgebucht\/","title":{"rendered":"Ostern fast ausgebucht"},"content":{"rendered":"<p>Die Hotels von <a href=\"http:\/\/www.kanaren-virtuell.de\/gcanaria_2\/\">Gran Canaria<\/a> und <a href=\"http:\/\/www.kanaren-virtuell.de\/teneriffa_2\/\">Teneriffa<\/a> melden fast Vollauslastung \u00fcber die Osterfeiertage. Die Unruhen in Nordafrika und einigen arabischen L\u00e4ndern f\u00fchren zu verst\u00e4rkter Nachfrage auf den Kanarischen Inseln. Auch die Genesung der deutschen Wirtschaft hat positive Auswirkungen auf das Buchungsverhalten.<\/p>\n","protected":false},"excerpt":{"rendered":"<p>Die Hotels von Gran Canaria und Teneriffa melden fast Vollauslastung \u00fcber die Osterfeiertage. Die Unruhen in Nordafrika und einigen arabischen L\u00e4ndern f\u00fchren zu verst\u00e4rkter Nachfrage auf den Kanarischen Inseln. Auch die Genesung der deutschen Wirtschaft hat positive Auswirkungen auf das Buchungsverhalten.<\/p>\n","protected":false},"author":1,"featured_media":0,"comment_status":"open","ping_status":"open","sticky":false,"template":"","format":"standard","meta":{"footnotes":""},"categories":[10],"tags":[],"class_list":["post-851","post","type-post","status-publish","format-standard","hentry","category-unterkunft"],"_links":{"self":[{"href":"https:\/\/www.kanaren-virtuell.de\/news\/wp-json\/wp\/v2\/posts\/851","targetHints":{"allow":["GET"]}}],"collection":[{"href":"https:\/\/www.kanaren-virtuell.de\/news\/wp-json\/wp\/v2\/posts"}],"about":[{"href":"https:\/\/www.kanaren-virtuell.de\/news\/wp-json\/wp\/v2\/types\/post"}],"author":[{"embeddable":true,"href":"https:\/\/www.kanaren-virtuell.de\/news\/wp-json\/wp\/v2\/users\/1"}],"replies":[{"embeddable":true,"href":"https:\/\/www.kanaren-virtuell.de\/news\/wp-json\/wp\/v2\/comments?post=851"}],"version-history":[{"count":1,"href":"https:\/\/www.kanaren-virtuell.de\/news\/wp-json\/wp\/v2\/posts\/851\/revisions"}],"predecessor-version":[{"id":852,"href":"https:\/\/www.kanaren-virtuell.de\/news\/wp-json\/wp\/v2\/posts\/851\/revisions\/852"}],"wp:attachment":[{"href":"https:\/\/www.kanaren-virtuell.de\/news\/wp-json\/wp\/v2\/media?parent=851"}],"wp:term":[{"taxonomy":"category","embeddable":true,"href":"https:\/\/www.kanaren-virtuell.de\/news\/wp-json\/wp\/v2\/categories?post=851"},{"taxonomy":"post_tag","embeddable":true,"href":"https:\/\/www.kanaren-virtuell.de\/news\/wp-json\/wp\/v2\/tags?post=851"}],"curies":[{"name":"wp","href":"https:\/\/api.w.org\/{rel}","templated":true}]}}