{"id":853,"date":"2011-03-24T11:49:05","date_gmt":"2011-03-24T09:49:05","guid":{"rendered":"http:\/\/www.kanaren-virtuell.de\/news\/?p=853"},"modified":"2013-10-24T11:49:30","modified_gmt":"2013-10-24T09:49:30","slug":"gran-canaria-faro-de-maspalomas-wird-zum-museum","status":"publish","type":"post","link":"https:\/\/www.kanaren-virtuell.de\/news\/gran-canaria-faro-de-maspalomas-wird-zum-museum\/","title":{"rendered":"Gran Canaria \u2013 Faro de Maspalomas wird zum Museum"},"content":{"rendered":"<p>Besucher der Ferieninsel Gran Canaria d\u00fcrfen sich ab Ende dieses Jahres auf ein neues, kulturelles Highlight freuen. Im Hauptgeb\u00e4ude des im S\u00fcden der Insel gelegenen Leuchtturms Faro de Maspalomas soll das neue ethnografische Museum er\u00f6ffnet werden. Auch der Turm selbst soll dann wieder der \u00d6ffentlichkeit zug\u00e4nglich sein. Von einer 60 Meter hohen Plattform aus kann hier ein einzigartiger Ausblick auf die ber\u00fchmten <a href=\"http:\/\/www.kanaren-virtuell.de\/gcanaria_2\/orte\/duenen.htm\">D\u00fcnen von Maspalomas<\/a> und den Atlantik genossen werden. <\/p>\n<p>Kulturinteressierte werden in dem Museum eine Ausstellung ethnografischer Exponate besichtigen k\u00f6nnen, die unter anderem Ausstellungsst\u00fccke aus Keramik, M\u00f6belst\u00fccke und Textilien umfassen. Au\u00dferdem soll das erste Stockwerk des Hauptgeb\u00e4udes ein Kunsthandwerksgesch\u00e4ft beherbergen, in dem Besucher Produkte der Insel Gran Canaria k\u00e4uflich erwerben k\u00f6nnen. <\/p>\n","protected":false},"excerpt":{"rendered":"<p>Besucher der Ferieninsel Gran Canaria d\u00fcrfen sich ab Ende dieses Jahres auf ein neues, kulturelles Highlight freuen. Im Hauptgeb\u00e4ude des im S\u00fcden der Insel gelegenen Leuchtturms Faro de Maspalomas soll das neue ethnografische Museum er\u00f6ffnet werden. Auch der Turm selbst soll dann wieder der \u00d6ffentlichkeit zug\u00e4nglich sein. Von einer 60 Meter hohen Plattform aus kann [&hellip;]<\/p>\n","protected":false},"author":2,"featured_media":0,"comment_status":"open","ping_status":"open","sticky":false,"template":"","format":"standard","meta":{"footnotes":""},"categories":[4],"tags":[],"class_list":["post-853","post","type-post","status-publish","format-standard","hentry","category-gran-canaria"],"_links":{"self":[{"href":"https:\/\/www.kanaren-virtuell.de\/news\/wp-json\/wp\/v2\/posts\/853","targetHints":{"allow":["GET"]}}],"collection":[{"href":"https:\/\/www.kanaren-virtuell.de\/news\/wp-json\/wp\/v2\/posts"}],"about":[{"href":"https:\/\/www.kanaren-virtuell.de\/news\/wp-json\/wp\/v2\/types\/post"}],"author":[{"embeddable":true,"href":"https:\/\/www.kanaren-virtuell.de\/news\/wp-json\/wp\/v2\/users\/2"}],"replies":[{"embeddable":true,"href":"https:\/\/www.kanaren-virtuell.de\/news\/wp-json\/wp\/v2\/comments?post=853"}],"version-history":[{"count":1,"href":"https:\/\/www.kanaren-virtuell.de\/news\/wp-json\/wp\/v2\/posts\/853\/revisions"}],"predecessor-version":[{"id":854,"href":"https:\/\/www.kanaren-virtuell.de\/news\/wp-json\/wp\/v2\/posts\/853\/revisions\/854"}],"wp:attachment":[{"href":"https:\/\/www.kanaren-virtuell.de\/news\/wp-json\/wp\/v2\/media?parent=853"}],"wp:term":[{"taxonomy":"category","embeddable":true,"href":"https:\/\/www.kanaren-virtuell.de\/news\/wp-json\/wp\/v2\/categories?post=853"},{"taxonomy":"post_tag","embeddable":true,"href":"https:\/\/www.kanaren-virtuell.de\/news\/wp-json\/wp\/v2\/tags?post=853"}],"curies":[{"name":"wp","href":"https:\/\/api.w.org\/{rel}","templated":true}]}}