{"id":857,"date":"2011-03-29T11:50:20","date_gmt":"2011-03-29T09:50:20","guid":{"rendered":"http:\/\/www.kanaren-virtuell.de\/news\/?p=857"},"modified":"2013-10-24T11:51:45","modified_gmt":"2013-10-24T09:51:45","slug":"tempo-110-spanien-bremst","status":"publish","type":"post","link":"https:\/\/www.kanaren-virtuell.de\/news\/tempo-110-spanien-bremst\/","title":{"rendered":"Tempo 110 &#8211; Spanien bremst"},"content":{"rendered":"<p>Wie in ganz Spanien trat am 7. M\u00e4rz die Versch\u00e4rfung des Tempolimits in Kraft. Auf Autobahnen und Schnellstra\u00dfen darf statt 120 km\/h nur noch 110 km\/h schnell gefahren werden. Die spanische Regierung hatte diese Ma\u00dfnahme wegen bef\u00fcrchteter Erd\u00f6lknappheit und der gestiegenen Kraftstoffpreise ohne gro\u00dfe Vorank\u00fcndigung beschlossen. Die Temporeduzierung soll bis zu 15% Kraftstoff einsparen. Ob dies so erreicht werden kann, ist allerdings fraglich. Immerhin steht der Liter Super 95 (sin plomo 95) kurz davor die Schallmauer von 1.00 Euro je Liter zu durchbrechen. Auf Teneriffa mussten in der Nacht zum 7. M\u00e4rz 250 Schilder mit dem neuen Tempolimit \u00fcberklebt werden. Auf Gran Canaria waren es 40 Schilder. Die meisten Kraftfahrer halten sich an das neue Tempolimit, zu schnelles Fahren wird richtig teuer.<\/p>\n","protected":false},"excerpt":{"rendered":"<p>Wie in ganz Spanien trat am 7. M\u00e4rz die Versch\u00e4rfung des Tempolimits in Kraft. Auf Autobahnen und Schnellstra\u00dfen darf statt 120 km\/h nur noch 110 km\/h schnell gefahren werden. Die spanische Regierung hatte diese Ma\u00dfnahme wegen bef\u00fcrchteter Erd\u00f6lknappheit und der gestiegenen Kraftstoffpreise ohne gro\u00dfe Vorank\u00fcndigung beschlossen. Die Temporeduzierung soll bis zu 15% Kraftstoff einsparen. Ob [&hellip;]<\/p>\n","protected":false},"author":1,"featured_media":0,"comment_status":"open","ping_status":"open","sticky":false,"template":"","format":"standard","meta":{"footnotes":""},"categories":[1],"tags":[],"class_list":["post-857","post","type-post","status-publish","format-standard","hentry","category-allgemein"],"_links":{"self":[{"href":"https:\/\/www.kanaren-virtuell.de\/news\/wp-json\/wp\/v2\/posts\/857","targetHints":{"allow":["GET"]}}],"collection":[{"href":"https:\/\/www.kanaren-virtuell.de\/news\/wp-json\/wp\/v2\/posts"}],"about":[{"href":"https:\/\/www.kanaren-virtuell.de\/news\/wp-json\/wp\/v2\/types\/post"}],"author":[{"embeddable":true,"href":"https:\/\/www.kanaren-virtuell.de\/news\/wp-json\/wp\/v2\/users\/1"}],"replies":[{"embeddable":true,"href":"https:\/\/www.kanaren-virtuell.de\/news\/wp-json\/wp\/v2\/comments?post=857"}],"version-history":[{"count":1,"href":"https:\/\/www.kanaren-virtuell.de\/news\/wp-json\/wp\/v2\/posts\/857\/revisions"}],"predecessor-version":[{"id":858,"href":"https:\/\/www.kanaren-virtuell.de\/news\/wp-json\/wp\/v2\/posts\/857\/revisions\/858"}],"wp:attachment":[{"href":"https:\/\/www.kanaren-virtuell.de\/news\/wp-json\/wp\/v2\/media?parent=857"}],"wp:term":[{"taxonomy":"category","embeddable":true,"href":"https:\/\/www.kanaren-virtuell.de\/news\/wp-json\/wp\/v2\/categories?post=857"},{"taxonomy":"post_tag","embeddable":true,"href":"https:\/\/www.kanaren-virtuell.de\/news\/wp-json\/wp\/v2\/tags?post=857"}],"curies":[{"name":"wp","href":"https:\/\/api.w.org\/{rel}","templated":true}]}}